{"id":5476,"date":"2026-03-10T10:11:55","date_gmt":"2026-03-10T09:11:55","guid":{"rendered":"https:\/\/www.cechova.sk\/?p=5476"},"modified":"2026-03-10T10:33:52","modified_gmt":"2026-03-10T09:33:52","slug":"cechova-partners-vita-noveho-partnera-miroslava-zatka","status":"publish","type":"post","link":"https:\/\/www.cechova.sk\/sk\/cechova-partners-vita-noveho-partnera-miroslava-zatka\/","title":{"rendered":"\u010cechov\u00e1 &#038; Partners v\u00edta nov\u00e9ho partnera Miroslava Za\u0165ka"},"content":{"rendered":"<p><img loading=\"lazy\" decoding=\"async\" class=\"size-medium wp-image-5474 alignnone\" src=\"http:\/\/www.cechova.sk\/wp-content\/uploads\/2026\/03\/sk-240x300.png\" alt=\"\" width=\"240\" height=\"300\" srcset=\"https:\/\/www.cechova.sk\/wp-content\/uploads\/2026\/03\/sk-240x300.png 240w, https:\/\/www.cechova.sk\/wp-content\/uploads\/2026\/03\/sk-819x1024.png 819w, https:\/\/www.cechova.sk\/wp-content\/uploads\/2026\/03\/sk-768x960.png 768w, https:\/\/www.cechova.sk\/wp-content\/uploads\/2026\/03\/sk-600x750.png 600w, https:\/\/www.cechova.sk\/wp-content\/uploads\/2026\/03\/sk.png 1200w\" sizes=\"auto, (max-width: 240px) 100vw, 240px\" \/><\/p>\n<p>\u010cechov\u00e1 &amp; Partners s\u00a0rados\u0165ou oznamuje vymenovanie <a href=\"https:\/\/www.cechova.sk\/sk\/tim\/miroslav-zatko\/\" target=\"_blank\" rel=\"noopener\"><strong>Miroslava Za\u0165ka<\/strong><\/a> na poz\u00edciu partnera od <strong>1. marca 2026<\/strong>. Miro je s\u00fa\u010das\u0165ou kancel\u00e1rie od roku 2014 a po\u010das svojho p\u00f4sobenia preuk\u00e1zal vysok\u00fa odbornos\u0165 aj pevn\u00e9 odhodlanie presadzova\u0165 hodnoty kancel\u00e1rie a poskytova\u0165 klientom slu\u017eby na najvy\u0161\u0161ej \u00farovni. Jeho pov\u00fd\u0161enie je v\u00fdznamn\u00fdm m\u00ed\u013enikom v\u00a0jeho kari\u00e9re a z\u00e1rove\u0148 posil\u0148uje partnersk\u00fd t\u00edm kancel\u00e1rie.<\/p>\n<p>Miro za\u010d\u00ednal v\u00a0kancel\u00e1rii \u010cechov\u00e1 &amp; Partners ako advok\u00e1tsky koncipient. Po\u010das tohto obdobia str\u00e1vil jeden rok v Holandsku, kde sa venoval \u010fal\u0161iemu \u0161t\u00fadiu a z\u00edskaval cenn\u00e9 medzin\u00e1rodn\u00e9 sk\u00fasenosti v holandskej advok\u00e1tskej kancel\u00e1rii <a href=\"https:\/\/www.houthoff.com\/\" target=\"_blank\" rel=\"noopener\"><strong>Houthoff<\/strong><\/a>. N\u00e1sledne \u010falej pokra\u010doval vo svojom profesion\u00e1lnom rozvoji v\u00a0na\u0161ej kancel\u00e1rii. V roku 2019 \u00faspe\u0161ne zlo\u017eil advok\u00e1tske sk\u00fa\u0161ky a odvtedy p\u00f4sob\u00ed vo firme ako advok\u00e1t.<\/p>\n<p>Vo svojej praxi sa venuje najm\u00e4 <a href=\"https:\/\/www.cechova.sk\/sk\/sluzby\/pravo-obchodnych-spolocnosti-obchodne-pravo-a-zmluvna-agenda\/\" target=\"_blank\" rel=\"noopener\"><strong>pr\u00e1vu obchodn\u00fdch spolo\u010dnost\u00ed<\/strong><\/a>, <a href=\"https:\/\/www.cechova.sk\/sk\/sluzby\/ma-fuzie-a-akvizicie\/\" target=\"_blank\" rel=\"noopener\"><strong>f\u00fazi\u00e1m a\u00a0akviz\u00edci\u00e1m (M&amp;A)<\/strong><\/a>, <a href=\"https:\/\/www.cechova.sk\/sk\/sluzby\/riesenie-sporov\/\" target=\"_blank\" rel=\"noopener\"><strong>sporovej agende<\/strong><\/a>, <a href=\"https:\/\/www.cechova.sk\/sk\/sluzby\/konkurzy-a-restrukturalizacie\/\" target=\"_blank\" rel=\"noopener\"><strong>konkurzn\u00e9mu pr\u00e1vu<\/strong><\/a> a <a href=\"https:\/\/www.cechova.sk\/sk\/sluzby\/bankovnictvo-poistovnictvo-a-financna-regulacia\/\" target=\"_blank\" rel=\"noopener\"><strong>pr\u00e1vnej regul\u00e1cii finan\u010dn\u00fdch slu\u017eieb<\/strong><\/a>. Jeho odbornos\u0165 a profesion\u00e1lne kvality potvrdzuj\u00fa aj renomovan\u00e9 medzin\u00e1rodn\u00e9 pr\u00e1vne rebr\u00ed\u010dky. <a href=\"https:\/\/www.legal500.com\/firms\/13419-cechova-partners\/c-slovakia\/lawyers\/1080879-miroslav-zako\" target=\"_blank\" rel=\"noopener\"><strong>Legal 500<\/strong><\/a> ho oce\u0148uje ako Leading Associate v oblasti Commercial, Corporate and M&amp;A, <a href=\"https:\/\/www.iflr1000.com\/Lawyer\/miroslav-zako\/Profile\/116242#profile\" target=\"_blank\" rel=\"noopener\"><strong>IFLR1000 <\/strong><\/a>zase ako Rising Star v oblastiach Banking and Finance a Corporate and M&amp;A.<\/p>\n<blockquote><p><em>\u201eVymenovanie Mira na partnera je prirodzen\u00fdm vy\u00fasten\u00edm jeho dlhodobej pr\u00e1ce. Je ve\u013emi pracovit\u00fdm a d\u00f4sledn\u00fdm pr\u00e1vnikom, ktor\u00fd ku ka\u017edej \u00falohe pristupuje zodpovedne a profesion\u00e1lne. Z\u00e1rove\u0148 je spo\u013eahliv\u00fdm kolegom, ktor\u00fd je v\u017edy ochotn\u00fd pom\u00f4c\u0165 a prispie\u0165 k pozit\u00edvnej atmosf\u00e9re v\u00a0t\u00edme. Spolupracova\u0165 s n\u00edm je rados\u0165 a sme presved\u010den\u00ed, \u017ee bude na\u010falej zohr\u00e1va\u0165 d\u00f4le\u017eit\u00fa \u00falohu v \u010fal\u0161om rozvoji na\u0161ej kancel\u00e1rie,\u201c<\/em> hovor\u00ed <a href=\"https:\/\/www.cechova.sk\/sk\/tim\/tomas-maretta\/\" target=\"_blank\" rel=\"noopener\"><strong>Tom\u00e1\u0161 Maretta<\/strong><\/a>, managing partner kancel\u00e1rie.<\/p><\/blockquote>\n<p>Prechod do poz\u00edcie partnera je nielen uznan\u00edm Mirov\u00fdch odborn\u00fdch a osobn\u00fdch kval\u00edt, ale z\u00e1rove\u0148 potvrdzuje dlhodob\u00fd z\u00e1v\u00e4zok kancel\u00e1rie systematicky rozv\u00edja\u0165 a podporova\u0165 mlad\u00e9 talenty. \u010cechov\u00e1 &amp; Partners sa sna\u017e\u00ed vytv\u00e1ra\u0165 im re\u00e1lne pr\u00edle\u017eitosti na profesijn\u00fd rast a l\u00eddersk\u00e9 p\u00f4sobenie, \u010d\u00edm umo\u017e\u0148uje nastupuj\u00facej gener\u00e1cii pr\u00e1vnikov naplno rozvin\u00fa\u0165 svoj potenci\u00e1l a dosiahnu\u0165 najvy\u0161\u0161ie poz\u00edcie v advok\u00e1cii.<\/p>\n","protected":false},"excerpt":{"rendered":"<p>\u010cechov\u00e1 &amp; Partners s\u00a0rados\u0165ou oznamuje vymenovanie Miroslava Za\u0165ka na poz\u00edciu partnera od 1. marca 2026. Miro je s\u00fa\u010das\u0165ou kancel\u00e1rie od&#8230;<\/p>\n","protected":false},"author":2,"featured_media":0,"comment_status":"open","ping_status":"open","sticky":false,"template":"","format":"standard","meta":{"inline_featured_image":false,"episode_type":"","audio_file":"","cover_image":"","cover_image_id":"","duration":"","filesize":"","date_recorded":"","explicit":"","block":"","itunes_episode_number":"","itunes_title":"","itunes_season_number":"","itunes_episode_type":"","filesize_raw":"","footnotes":""},"categories":["1","2","11","12","20","21","32","33"],"class_list":{"0":"post-5476","1":"post","2":"type-post","3":"status-publish","4":"format-standard","5":"hentry","6":"category-dalsie-publikacie","8":"category-financial-law-news","9":"category-european-community-law-news","10":"category-aktuality","11":"category-pravne-novinky"},"yoast_head":"<!-- This site is optimized with the Yoast SEO plugin v26.0 - https:\/\/yoast.com\/wordpress\/plugins\/seo\/ -->\n<title>\u010cechov\u00e1 &amp; Partners v\u00edta nov\u00e9ho partnera Miroslava Za\u0165ka - \u010cechov\u00e1 &amp; Partners<\/title>\n<meta name=\"description\" content=\"Advok\u00e1tska kancel\u00e1ria \u010cechov\u00e1 &amp; Partners oznamuje vymenovanie Miroslava Za\u0165ka na poz\u00edciu partnera od 1. marca 2026. Zistite viac o jeho praxi a kari\u00e9re.\" \/>\n<meta name=\"robots\" content=\"index, follow, max-snippet:-1, max-image-preview:large, max-video-preview:-1\" \/>\n<link rel=\"canonical\" href=\"https:\/\/www.cechova.sk\/sk\/cechova-partners-vita-noveho-partnera-miroslava-zatka\/\" \/>\n<meta property=\"og:locale\" content=\"sk_SK\" \/>\n<meta property=\"og:type\" content=\"article\" \/>\n<meta property=\"og:title\" content=\"\u010cechov\u00e1 &amp; Partners v\u00edta nov\u00e9ho partnera Miroslava Za\u0165ka - \u010cechov\u00e1 &amp; Partners\" \/>\n<meta property=\"og:description\" content=\"Advok\u00e1tska kancel\u00e1ria \u010cechov\u00e1 &amp; Partners oznamuje vymenovanie Miroslava Za\u0165ka na poz\u00edciu partnera od 1. marca 2026. Zistite viac o jeho praxi a kari\u00e9re.\" \/>\n<meta property=\"og:url\" content=\"https:\/\/www.cechova.sk\/sk\/cechova-partners-vita-noveho-partnera-miroslava-zatka\/\" \/>\n<meta property=\"og:site_name\" content=\"\u010cechov\u00e1 &amp; Partners\" \/>\n<meta property=\"article:published_time\" content=\"2026-03-10T09:11:55+00:00\" \/>\n<meta property=\"article:modified_time\" content=\"2026-03-10T09:33:52+00:00\" \/>\n<meta property=\"og:image\" content=\"https:\/\/www.cechova.sk\/wp-content\/uploads\/2026\/03\/sk.png\" \/>\n\t<meta property=\"og:image:width\" content=\"1200\" \/>\n\t<meta property=\"og:image:height\" content=\"1500\" \/>\n\t<meta property=\"og:image:type\" content=\"image\/png\" \/>\n<meta name=\"author\" content=\"cechova\" \/>\n<meta name=\"twitter:card\" content=\"summary_large_image\" \/>\n<meta name=\"twitter:label1\" content=\"Autor\" \/>\n\t<meta name=\"twitter:data1\" content=\"cechova\" \/>\n\t<meta name=\"twitter:label2\" content=\"Predpokladan\u00fd \u010das \u010d\u00edtania\" \/>\n\t<meta name=\"twitter:data2\" content=\"2 min\u00faty\" \/>\n<script type=\"application\/ld+json\" class=\"yoast-schema-graph\">{\"@context\":\"https:\/\/schema.org\",\"@graph\":[{\"@type\":\"WebPage\",\"@id\":\"https:\/\/www.cechova.sk\/sk\/cechova-partners-vita-noveho-partnera-miroslava-zatka\/\",\"url\":\"https:\/\/www.cechova.sk\/sk\/cechova-partners-vita-noveho-partnera-miroslava-zatka\/\",\"name\":\"\u010cechov\u00e1 & Partners v\u00edta nov\u00e9ho partnera Miroslava Za\u0165ka - \u010cechov\u00e1 &amp; Partners\",\"isPartOf\":{\"@id\":\"https:\/\/www.cechova.sk\/#website\"},\"primaryImageOfPage\":{\"@id\":\"https:\/\/www.cechova.sk\/sk\/cechova-partners-vita-noveho-partnera-miroslava-zatka\/#primaryimage\"},\"image\":{\"@id\":\"https:\/\/www.cechova.sk\/sk\/cechova-partners-vita-noveho-partnera-miroslava-zatka\/#primaryimage\"},\"thumbnailUrl\":\"http:\/\/www.cechova.sk\/wp-content\/uploads\/2026\/03\/sk-240x300.png\",\"datePublished\":\"2026-03-10T09:11:55+00:00\",\"dateModified\":\"2026-03-10T09:33:52+00:00\",\"author\":{\"@id\":\"https:\/\/www.cechova.sk\/#\/schema\/person\/0815c9b657126cba96d63fbe4eabd0a8\"},\"description\":\"Advok\u00e1tska kancel\u00e1ria \u010cechov\u00e1 & Partners oznamuje vymenovanie Miroslava Za\u0165ka na poz\u00edciu partnera od 1. marca 2026. Zistite viac o jeho praxi a kari\u00e9re.\",\"breadcrumb\":{\"@id\":\"https:\/\/www.cechova.sk\/sk\/cechova-partners-vita-noveho-partnera-miroslava-zatka\/#breadcrumb\"},\"inLanguage\":\"sk-SK\",\"potentialAction\":[{\"@type\":\"ReadAction\",\"target\":[\"https:\/\/www.cechova.sk\/sk\/cechova-partners-vita-noveho-partnera-miroslava-zatka\/\"]}]},{\"@type\":\"ImageObject\",\"inLanguage\":\"sk-SK\",\"@id\":\"https:\/\/www.cechova.sk\/sk\/cechova-partners-vita-noveho-partnera-miroslava-zatka\/#primaryimage\",\"url\":\"http:\/\/www.cechova.sk\/wp-content\/uploads\/2026\/03\/sk-240x300.png\",\"contentUrl\":\"http:\/\/www.cechova.sk\/wp-content\/uploads\/2026\/03\/sk-240x300.png\"},{\"@type\":\"BreadcrumbList\",\"@id\":\"https:\/\/www.cechova.sk\/sk\/cechova-partners-vita-noveho-partnera-miroslava-zatka\/#breadcrumb\",\"itemListElement\":[{\"@type\":\"ListItem\",\"position\":1,\"name\":\"Home\",\"item\":\"https:\/\/www.cechova.sk\/sk\/\"},{\"@type\":\"ListItem\",\"position\":2,\"name\":\"\u010cechov\u00e1 &#038; Partners v\u00edta nov\u00e9ho partnera Miroslava Za\u0165ka\"}]},{\"@type\":\"WebSite\",\"@id\":\"https:\/\/www.cechova.sk\/#website\",\"url\":\"https:\/\/www.cechova.sk\/\",\"name\":\"\u010cechov\u00e1 &amp; Partners\",\"description\":\"Len \u010fal\u0161ia WordPress str\u00e1nka\",\"potentialAction\":[{\"@type\":\"SearchAction\",\"target\":{\"@type\":\"EntryPoint\",\"urlTemplate\":\"https:\/\/www.cechova.sk\/?s={search_term_string}\"},\"query-input\":{\"@type\":\"PropertyValueSpecification\",\"valueRequired\":true,\"valueName\":\"search_term_string\"}}],\"inLanguage\":\"sk-SK\"},{\"@type\":\"Person\",\"@id\":\"https:\/\/www.cechova.sk\/#\/schema\/person\/0815c9b657126cba96d63fbe4eabd0a8\",\"name\":\"cechova\",\"image\":{\"@type\":\"ImageObject\",\"inLanguage\":\"sk-SK\",\"@id\":\"https:\/\/www.cechova.sk\/#\/schema\/person\/image\/\",\"url\":\"https:\/\/secure.gravatar.com\/avatar\/1cad393d5bb0ac8c9aaca1e510dfd58f4674fbb2973e6c457f426499b52b67b4?s=96&d=mm&r=g\",\"contentUrl\":\"https:\/\/secure.gravatar.com\/avatar\/1cad393d5bb0ac8c9aaca1e510dfd58f4674fbb2973e6c457f426499b52b67b4?s=96&d=mm&r=g\",\"caption\":\"cechova\"}}]}<\/script>\n<!-- \/ Yoast SEO plugin. -->","yoast_head_json":{"title":"\u010cechov\u00e1 & Partners v\u00edta nov\u00e9ho partnera Miroslava Za\u0165ka - \u010cechov\u00e1 &amp; Partners","description":"Advok\u00e1tska kancel\u00e1ria \u010cechov\u00e1 & Partners oznamuje vymenovanie Miroslava Za\u0165ka na poz\u00edciu partnera od 1. marca 2026. Zistite viac o jeho praxi a kari\u00e9re.","robots":{"index":"index","follow":"follow","max-snippet":"max-snippet:-1","max-image-preview":"max-image-preview:large","max-video-preview":"max-video-preview:-1"},"canonical":"https:\/\/www.cechova.sk\/sk\/cechova-partners-vita-noveho-partnera-miroslava-zatka\/","og_locale":"sk_SK","og_type":"article","og_title":"\u010cechov\u00e1 & Partners v\u00edta nov\u00e9ho partnera Miroslava Za\u0165ka - \u010cechov\u00e1 &amp; Partners","og_description":"Advok\u00e1tska kancel\u00e1ria \u010cechov\u00e1 & Partners oznamuje vymenovanie Miroslava Za\u0165ka na poz\u00edciu partnera od 1. marca 2026. Zistite viac o jeho praxi a kari\u00e9re.","og_url":"https:\/\/www.cechova.sk\/sk\/cechova-partners-vita-noveho-partnera-miroslava-zatka\/","og_site_name":"\u010cechov\u00e1 &amp; Partners","article_published_time":"2026-03-10T09:11:55+00:00","article_modified_time":"2026-03-10T09:33:52+00:00","og_image":[{"width":1200,"height":1500,"url":"https:\/\/www.cechova.sk\/wp-content\/uploads\/2026\/03\/sk.png","type":"image\/png"}],"author":"cechova","twitter_card":"summary_large_image","twitter_misc":{"Autor":"cechova","Predpokladan\u00fd \u010das \u010d\u00edtania":"2 min\u00faty"},"schema":{"@context":"https:\/\/schema.org","@graph":[{"@type":"WebPage","@id":"https:\/\/www.cechova.sk\/sk\/cechova-partners-vita-noveho-partnera-miroslava-zatka\/","url":"https:\/\/www.cechova.sk\/sk\/cechova-partners-vita-noveho-partnera-miroslava-zatka\/","name":"\u010cechov\u00e1 & Partners v\u00edta nov\u00e9ho partnera Miroslava Za\u0165ka - \u010cechov\u00e1 &amp; Partners","isPartOf":{"@id":"https:\/\/www.cechova.sk\/#website"},"primaryImageOfPage":{"@id":"https:\/\/www.cechova.sk\/sk\/cechova-partners-vita-noveho-partnera-miroslava-zatka\/#primaryimage"},"image":{"@id":"https:\/\/www.cechova.sk\/sk\/cechova-partners-vita-noveho-partnera-miroslava-zatka\/#primaryimage"},"thumbnailUrl":"http:\/\/www.cechova.sk\/wp-content\/uploads\/2026\/03\/sk-240x300.png","datePublished":"2026-03-10T09:11:55+00:00","dateModified":"2026-03-10T09:33:52+00:00","author":{"@id":"https:\/\/www.cechova.sk\/#\/schema\/person\/0815c9b657126cba96d63fbe4eabd0a8"},"description":"Advok\u00e1tska kancel\u00e1ria \u010cechov\u00e1 & Partners oznamuje vymenovanie Miroslava Za\u0165ka na poz\u00edciu partnera od 1. marca 2026. Zistite viac o jeho praxi a kari\u00e9re.","breadcrumb":{"@id":"https:\/\/www.cechova.sk\/sk\/cechova-partners-vita-noveho-partnera-miroslava-zatka\/#breadcrumb"},"inLanguage":"sk-SK","potentialAction":[{"@type":"ReadAction","target":["https:\/\/www.cechova.sk\/sk\/cechova-partners-vita-noveho-partnera-miroslava-zatka\/"]}]},{"@type":"ImageObject","inLanguage":"sk-SK","@id":"https:\/\/www.cechova.sk\/sk\/cechova-partners-vita-noveho-partnera-miroslava-zatka\/#primaryimage","url":"http:\/\/www.cechova.sk\/wp-content\/uploads\/2026\/03\/sk-240x300.png","contentUrl":"http:\/\/www.cechova.sk\/wp-content\/uploads\/2026\/03\/sk-240x300.png"},{"@type":"BreadcrumbList","@id":"https:\/\/www.cechova.sk\/sk\/cechova-partners-vita-noveho-partnera-miroslava-zatka\/#breadcrumb","itemListElement":[{"@type":"ListItem","position":1,"name":"Home","item":"https:\/\/www.cechova.sk\/sk\/"},{"@type":"ListItem","position":2,"name":"\u010cechov\u00e1 &#038; Partners v\u00edta nov\u00e9ho partnera Miroslava Za\u0165ka"}]},{"@type":"WebSite","@id":"https:\/\/www.cechova.sk\/#website","url":"https:\/\/www.cechova.sk\/","name":"\u010cechov\u00e1 &amp; Partners","description":"Len \u010fal\u0161ia WordPress str\u00e1nka","potentialAction":[{"@type":"SearchAction","target":{"@type":"EntryPoint","urlTemplate":"https:\/\/www.cechova.sk\/?s={search_term_string}"},"query-input":{"@type":"PropertyValueSpecification","valueRequired":true,"valueName":"search_term_string"}}],"inLanguage":"sk-SK"},{"@type":"Person","@id":"https:\/\/www.cechova.sk\/#\/schema\/person\/0815c9b657126cba96d63fbe4eabd0a8","name":"cechova","image":{"@type":"ImageObject","inLanguage":"sk-SK","@id":"https:\/\/www.cechova.sk\/#\/schema\/person\/image\/","url":"https:\/\/secure.gravatar.com\/avatar\/1cad393d5bb0ac8c9aaca1e510dfd58f4674fbb2973e6c457f426499b52b67b4?s=96&d=mm&r=g","contentUrl":"https:\/\/secure.gravatar.com\/avatar\/1cad393d5bb0ac8c9aaca1e510dfd58f4674fbb2973e6c457f426499b52b67b4?s=96&d=mm&r=g","caption":"cechova"}}]}},"_links":{"self":[{"href":"https:\/\/www.cechova.sk\/sk\/wp-json\/wp\/v2\/posts\/5476\/"}],"collection":[{"href":"https:\/\/www.cechova.sk\/sk\/wp-json\/wp\/v2\/posts\/"}],"about":[{"href":"https:\/\/www.cechova.sk\/sk\/wp-json\/wp\/v2\/types\/post\/"}],"author":[{"embeddable":true,"href":"https:\/\/www.cechova.sk\/sk\/wp-json\/wp\/v2\/users\/2\/"}],"replies":[{"embeddable":true,"href":"https:\/\/www.cechova.sk\/sk\/wp-json\/wp\/v2\/comments\/?post=5476"}],"version-history":[{"count":4,"href":"https:\/\/www.cechova.sk\/sk\/wp-json\/wp\/v2\/posts\/5476\/revisions\/"}],"predecessor-version":[{"id":5480,"href":"https:\/\/www.cechova.sk\/sk\/wp-json\/wp\/v2\/posts\/5476\/revisions\/5480\/"}],"wp:attachment":[{"href":"https:\/\/www.cechova.sk\/sk\/wp-json\/wp\/v2\/media\/?parent=5476"}],"wp:term":[{"taxonomy":"category","embeddable":true,"href":"https:\/\/www.cechova.sk\/sk\/wp-json\/wp\/v2\/categories\/?post=5476"}],"curies":[{"name":"wp","href":"https:\/\/api.w.org\/{rel}","templated":true}]}}