{"id":5019,"date":"2025-03-25T09:36:05","date_gmt":"2025-03-25T08:36:05","guid":{"rendered":"http:\/\/www.cechova.sk\/?p=5019"},"modified":"2025-04-28T17:02:33","modified_gmt":"2025-04-28T15:02:33","slug":"19-rokov-v-chambers-europe-cechova-partners-je-stale-medzi-top-advokatskymi-kancelariami-na-slovensku","status":"publish","type":"post","link":"https:\/\/www.cechova.sk\/sk\/19-rokov-v-chambers-europe-cechova-partners-je-stale-medzi-top-advokatskymi-kancelariami-na-slovensku\/","title":{"rendered":"19 rokov v Chambers Europe: \u010cechov\u00e1 &#038; Partners je st\u00e1le medzi top advok\u00e1tskymi kancel\u00e1riami na Slovensku"},"content":{"rendered":"<p>Te\u0161\u00edme sa, \u017ee na\u0161a advok\u00e1tska kancel\u00e1ria \u010cechov\u00e1 &amp; Partners bola op\u00e4\u0165 zaraden\u00e1 do rebr\u00ed\u010dka <a href=\"https:\/\/chambers.com\/law-firm\/cechova-partners-europe-7:2628\"><strong>Chambers Europe 2025<\/strong><\/a>. By\u0165 s\u00fa\u010das\u0165ou hodnotenia <strong>Chambers &amp; Partners<\/strong> u\u017e 19 rokov po sebe je odrazom dlhodobej d\u00f4very, ktor\u00fa do n\u00e1s na\u0161i klienti vkladaj\u00fa.<\/p>\n<blockquote>\n<p style=\"text-align: center;\"><strong><em>&#8222;Advok\u00e1ti z \u010cechov\u00e1 &amp; Partners s\u00fa mimoriadne pohotov\u00ed a poskytuj\u00fa vynikaj\u00face slu\u017eby.&#8220; <\/em><\/strong><\/p>\n<p style=\"text-align: center;\"><strong>Klient pre Chambers Europe<\/strong><\/p>\n<\/blockquote>\n<p>Na\u0161i partneri si udr\u017euj\u00fa popredn\u00e9 miesta v rebr\u00ed\u010dkoch Chambers Europe u\u017e takmer 20 rokov. <a href=\"http:\/\/www.cechova.sk\/sk\/tim\/tomas-maretta\/\"><strong>Tom\u00e1\u0161 Maretta<\/strong><\/a> je tento rok jedin\u00fdm pr\u00e1vnikom na Slovensku, ktor\u00fd dosiahol top hodnotenie <strong>Band 1 <\/strong>v oblasti<strong> s\u00fa\u0165a\u017en\u00e9ho pr\u00e1va<\/strong>. V rebr\u00ed\u010dkoch Chambers &amp; Partners sa pravidelne objavuje u\u017e 19 rokov.<\/p>\n<blockquote>\n<p style=\"text-align: center;\"><strong><em>&#8222;Tom\u00e1\u0161 Maretta je dokonal\u00fdm odborn\u00edkom na s\u00fa\u0165a\u017en\u00e9 pr\u00e1vo. M\u00e1 vysok\u00e9 technick\u00e9 znalosti, cit pre detail a r\u00fdchlo sa u\u010d\u00ed, pri\u010dom v\u017edy spochyb\u0148uje status quo. Je strategick\u00fd a praktick\u00fd.&#8220;<\/em> \u00a0<\/strong><\/p>\n<p style=\"text-align: center;\"><strong>Klient pre Chambers Europe<\/strong><\/p>\n<\/blockquote>\n<p><a href=\"http:\/\/www.cechova.sk\/sk\/tim\/katarina-cechova\/\"><strong>Katar\u00edna \u010cechov\u00e1<\/strong><\/a> bola op\u00e4\u0165 uznan\u00e1 ako <strong>Eminent Practitioner <\/strong>v oblasti<strong> obchodn\u00e9ho pr\u00e1va<\/strong> a je jedinou pr\u00e1vni\u010dkou na Slovensku s t\u00fdmto ocenen\u00edm v roku 2025. Z\u00e1rove\u0148 dosiahla vysok\u00e9 hodnotenia v kateg\u00f3ri\u00e1ch <strong>konkurzy a re\u0161trukturaliz\u00e1cie<\/strong> a <strong>rie\u0161enie sporov<\/strong>. Rovnako ako Tom\u00e1\u0161 Maretta, Katar\u00edna si udr\u017eiava vysok\u00e9 hodnotenie v rebr\u00ed\u010dkoch u\u017e 19 rokov po sebe.<\/p>\n<blockquote>\n<p style=\"text-align: center;\"><strong><em>&#8222;Katar\u00edna \u010cechov\u00e1 je vynikaj\u00faca pr\u00e1vni\u010dka a pozn\u00e1 v\u0161etky detaily.&#8220; <\/em><\/strong><\/p>\n<p style=\"text-align: center;\"><strong>Klient pre Chambers Europe<\/strong><\/p>\n<\/blockquote>\n<p><a href=\"http:\/\/www.cechova.sk\/sk\/tim\/tomas-rybar\/\"><strong>Tom\u00e1\u0161 Ryb\u00e1r<\/strong><\/a> tento rok oslavuje svoj 18. rok v Chambers &amp; Partners a op\u00e4\u0165 dosiahol vysok\u00e9 hodnotenie v oblasti <strong>pracovn\u00e9ho pr\u00e1va<\/strong>.<\/p>\n<blockquote>\n<p style=\"text-align: center;\"><strong><em>&#8222;Nem\u00f4\u017eem na Tom\u00e1\u0161a poveda\u0165 ni\u010d in\u00e9 ako chv\u00e1lu. Je ve\u013emi pohotov\u00fd, re\u0161pektuj\u00faci a rozh\u013eaden\u00fd.&#8220; <\/em><\/strong><\/p>\n<p style=\"text-align: center;\"><strong>Klient pre Chambers Europe<\/strong><\/p>\n<\/blockquote>\n<p><a href=\"http:\/\/www.cechova.sk\/sk\/tim\/lenka-subenikova\/\"><strong>Lenka \u0160uben\u00edkov\u00e1<\/strong><\/a> je v rebr\u00ed\u010dku Chambers &amp; Partners u\u017e desa\u0165 rokov. V aktu\u00e1lnom vydan\u00ed Chambers Europe 2025 si udr\u017eala siln\u00fa poz\u00edciu v oblasti <strong>obchodn\u00e9ho pr\u00e1va<\/strong>.<\/p>\n<blockquote>\n<p style=\"text-align: center;\"><strong><em>&#8222;Lenka \u0160uben\u00edkov\u00e1 prejavila skvel\u00fa pohotovos\u0165 a proaktivitu, pri\u010dom s nami prem\u00fd\u0161\u013eala nad rie\u0161eniami ot\u00e1zok, ktor\u00e9 vznikli v priebehu dealu.&#8220; <\/em><\/strong><\/p>\n<p style=\"text-align: center;\"><strong>Klient pre Chambers Europe<\/strong><\/p>\n<\/blockquote>\n<p><strong>Preh\u013ead hodnoten\u00ed kancel\u00e1rie v Chambers Europe 2025<\/strong><\/p>\n<ul>\n<li>S\u00fa\u0165a\u017en\u00e9 pr\u00e1vo: Band 2<\/li>\n<li>Konkurzy a re\u0161trukturaliz\u00e1cie: Band 2<\/li>\n<li>Pracovn\u00e9 pr\u00e1vo: Band 2<\/li>\n<li>Bankovn\u00edctvo a financie: Band 3<\/li>\n<li>Obchodn\u00e9 pr\u00e1vo\/F\u00fazie a akviz\u00edcie: Band 4<\/li>\n<li>Nehnute\u013enosti: Band 4<\/li>\n<\/ul>\n<p><strong>Individu\u00e1lne hodnotenia<\/strong><\/p>\n<ul>\n<li><strong>Katar\u00edna \u010cechov\u00e1<\/strong>: Obchodn\u00e9 pr\u00e1vo\/F\u00fazie a\u00a0akviz\u00edcie \u2013 <em>Eminent Practitioner<\/em><\/li>\n<li><strong>Tom\u00e1\u0161 Maretta<\/strong>: S\u00fa\u0165a\u017en\u00e9 pr\u00e1vo \u2013 <em>Band 1<\/em><\/li>\n<li><strong>Tom\u00e1\u0161 Ryb\u00e1r<\/strong>: Pracovn\u00e9 pr\u00e1vo \u2013 <em>Band 2<\/em><\/li>\n<li><strong>Katar\u00edna \u010cechov\u00e1<\/strong>: \u2022\u00a0\u00a0 Konkurzy a re\u0161trukturaliz\u00e1cie \u2013 <em>Band 2<\/em><\/li>\n<li><strong>Katar\u00edna \u010cechov\u00e1<\/strong>: Rie\u0161enie sporov \u2013 <em>Band 3<\/em><\/li>\n<li><strong>Lenka \u0160uben\u00edkov\u00e1<\/strong>: Obchodn\u00e9 pr\u00e1vo\/F\u00fazie a akviz\u00edcie \u2013 <em>Band 4<\/em><\/li>\n<\/ul>\n","protected":false},"excerpt":{"rendered":"<p>Te\u0161\u00edme sa, \u017ee na\u0161a advok\u00e1tska kancel\u00e1ria \u010cechov\u00e1 &amp; Partners bola op\u00e4\u0165 zaraden\u00e1 do rebr\u00ed\u010dka Chambers Europe 2025. By\u0165 s\u00fa\u010das\u0165ou hodnotenia&#8230;<\/p>\n","protected":false},"author":2,"featured_media":0,"comment_status":"open","ping_status":"open","sticky":false,"template":"","format":"standard","meta":{"inline_featured_image":false,"episode_type":"","audio_file":"","cover_image":"","cover_image_id":"","duration":"","filesize":"","date_recorded":"","explicit":"","block":"","itunes_episode_number":"","itunes_title":"","itunes_season_number":"","itunes_episode_type":"","filesize_raw":"","footnotes":""},"categories":["1","2","11","12","20","21","32","33"],"class_list":{"0":"post-5019","1":"post","2":"type-post","3":"status-publish","4":"format-standard","5":"hentry","6":"category-dalsie-publikacie","8":"category-financial-law-news","9":"category-european-community-law-news","10":"category-aktuality","11":"category-pravne-novinky"},"yoast_head":"<!-- This site is optimized with the Yoast SEO plugin v26.0 - https:\/\/yoast.com\/wordpress\/plugins\/seo\/ -->\n<title>19 rokov v Chambers Europe: \u010cechov\u00e1 &amp; Partners je st\u00e1le medzi top advok\u00e1tskymi kancel\u00e1riami na Slovensku - \u010cechov\u00e1 &amp; Partners<\/title>\n<meta name=\"description\" content=\"\u010cechov\u00e1 &amp; Partners u\u017e 19 rokov medzi top advok\u00e1tskymi kancel\u00e1riami pod\u013ea Chambers Europe. Pozrite si najnov\u0161ie ocenenia v roku 2025.\" \/>\n<meta name=\"robots\" content=\"index, follow, max-snippet:-1, max-image-preview:large, max-video-preview:-1\" \/>\n<link rel=\"canonical\" href=\"https:\/\/www.cechova.sk\/sk\/19-years-in-chambers-europe-cechova-partners-once-again-among-the-top-law-firms-in-slovakia\/\" \/>\n<meta property=\"og:locale\" content=\"sk_SK\" \/>\n<meta property=\"og:type\" content=\"article\" \/>\n<meta property=\"og:title\" content=\"19 rokov v Chambers Europe: \u010cechov\u00e1 &amp; Partners je st\u00e1le medzi top advok\u00e1tskymi kancel\u00e1riami na Slovensku - \u010cechov\u00e1 &amp; Partners\" \/>\n<meta property=\"og:description\" content=\"\u010cechov\u00e1 &amp; Partners u\u017e 19 rokov medzi top advok\u00e1tskymi kancel\u00e1riami pod\u013ea Chambers Europe. Pozrite si najnov\u0161ie ocenenia v roku 2025.\" \/>\n<meta property=\"og:url\" content=\"https:\/\/www.cechova.sk\/19-years-in-chambers-europe-cechova-partners-once-again-among-the-top-law-firms-in-slovakia\/\" \/>\n<meta property=\"og:site_name\" content=\"\u010cechov\u00e1 &amp; Partners\" \/>\n<meta property=\"article:published_time\" content=\"2025-03-25T08:36:05+00:00\" \/>\n<meta property=\"article:modified_time\" content=\"2025-04-28T15:02:33+00:00\" \/>\n<meta name=\"author\" content=\"cechova\" \/>\n<meta name=\"twitter:card\" content=\"summary_large_image\" \/>\n<meta name=\"twitter:label1\" content=\"Autor\" \/>\n\t<meta name=\"twitter:data1\" content=\"cechova\" \/>\n\t<meta name=\"twitter:label2\" content=\"Predpokladan\u00fd \u010das \u010d\u00edtania\" \/>\n\t<meta name=\"twitter:data2\" content=\"2 min\u00faty\" \/>\n<script type=\"application\/ld+json\" class=\"yoast-schema-graph\">{\"@context\":\"https:\/\/schema.org\",\"@graph\":[{\"@type\":\"WebPage\",\"@id\":\"https:\/\/www.cechova.sk\/19-years-in-chambers-europe-cechova-partners-once-again-among-the-top-law-firms-in-slovakia\/\",\"url\":\"https:\/\/www.cechova.sk\/19-years-in-chambers-europe-cechova-partners-once-again-among-the-top-law-firms-in-slovakia\/\",\"name\":\"19 rokov v Chambers Europe: \u010cechov\u00e1 & Partners je st\u00e1le medzi top advok\u00e1tskymi kancel\u00e1riami na Slovensku - \u010cechov\u00e1 &amp; Partners\",\"isPartOf\":{\"@id\":\"https:\/\/www.cechova.sk\/#website\"},\"datePublished\":\"2025-03-25T08:36:05+00:00\",\"dateModified\":\"2025-04-28T15:02:33+00:00\",\"author\":{\"@id\":\"https:\/\/www.cechova.sk\/#\/schema\/person\/0815c9b657126cba96d63fbe4eabd0a8\"},\"description\":\"\u010cechov\u00e1 & Partners u\u017e 19 rokov medzi top advok\u00e1tskymi kancel\u00e1riami pod\u013ea Chambers Europe. Pozrite si najnov\u0161ie ocenenia v roku 2025.\",\"breadcrumb\":{\"@id\":\"https:\/\/www.cechova.sk\/19-years-in-chambers-europe-cechova-partners-once-again-among-the-top-law-firms-in-slovakia\/#breadcrumb\"},\"inLanguage\":\"sk-SK\",\"potentialAction\":[{\"@type\":\"ReadAction\",\"target\":[\"https:\/\/www.cechova.sk\/19-years-in-chambers-europe-cechova-partners-once-again-among-the-top-law-firms-in-slovakia\/\"]}]},{\"@type\":\"BreadcrumbList\",\"@id\":\"https:\/\/www.cechova.sk\/19-years-in-chambers-europe-cechova-partners-once-again-among-the-top-law-firms-in-slovakia\/#breadcrumb\",\"itemListElement\":[{\"@type\":\"ListItem\",\"position\":1,\"name\":\"Home\",\"item\":\"https:\/\/www.cechova.sk\/sk\/\"},{\"@type\":\"ListItem\",\"position\":2,\"name\":\"19 rokov v Chambers Europe: \u010cechov\u00e1 &#038; Partners je st\u00e1le medzi top advok\u00e1tskymi kancel\u00e1riami na Slovensku\"}]},{\"@type\":\"WebSite\",\"@id\":\"https:\/\/www.cechova.sk\/#website\",\"url\":\"https:\/\/www.cechova.sk\/\",\"name\":\"\u010cechov\u00e1 &amp; Partners\",\"description\":\"Len \u010fal\u0161ia WordPress str\u00e1nka\",\"potentialAction\":[{\"@type\":\"SearchAction\",\"target\":{\"@type\":\"EntryPoint\",\"urlTemplate\":\"https:\/\/www.cechova.sk\/?s={search_term_string}\"},\"query-input\":{\"@type\":\"PropertyValueSpecification\",\"valueRequired\":true,\"valueName\":\"search_term_string\"}}],\"inLanguage\":\"sk-SK\"},{\"@type\":\"Person\",\"@id\":\"https:\/\/www.cechova.sk\/#\/schema\/person\/0815c9b657126cba96d63fbe4eabd0a8\",\"name\":\"cechova\",\"image\":{\"@type\":\"ImageObject\",\"inLanguage\":\"sk-SK\",\"@id\":\"https:\/\/www.cechova.sk\/#\/schema\/person\/image\/\",\"url\":\"https:\/\/secure.gravatar.com\/avatar\/1cad393d5bb0ac8c9aaca1e510dfd58f4674fbb2973e6c457f426499b52b67b4?s=96&d=mm&r=g\",\"contentUrl\":\"https:\/\/secure.gravatar.com\/avatar\/1cad393d5bb0ac8c9aaca1e510dfd58f4674fbb2973e6c457f426499b52b67b4?s=96&d=mm&r=g\",\"caption\":\"cechova\"}}]}<\/script>\n<!-- \/ Yoast SEO plugin. -->","yoast_head_json":{"title":"19 rokov v Chambers Europe: \u010cechov\u00e1 & Partners je st\u00e1le medzi top advok\u00e1tskymi kancel\u00e1riami na Slovensku - \u010cechov\u00e1 &amp; Partners","description":"\u010cechov\u00e1 & Partners u\u017e 19 rokov medzi top advok\u00e1tskymi kancel\u00e1riami pod\u013ea Chambers Europe. Pozrite si najnov\u0161ie ocenenia v roku 2025.","robots":{"index":"index","follow":"follow","max-snippet":"max-snippet:-1","max-image-preview":"max-image-preview:large","max-video-preview":"max-video-preview:-1"},"canonical":"https:\/\/www.cechova.sk\/sk\/19-years-in-chambers-europe-cechova-partners-once-again-among-the-top-law-firms-in-slovakia\/","og_locale":"sk_SK","og_type":"article","og_title":"19 rokov v Chambers Europe: \u010cechov\u00e1 & Partners je st\u00e1le medzi top advok\u00e1tskymi kancel\u00e1riami na Slovensku - \u010cechov\u00e1 &amp; Partners","og_description":"\u010cechov\u00e1 & Partners u\u017e 19 rokov medzi top advok\u00e1tskymi kancel\u00e1riami pod\u013ea Chambers Europe. Pozrite si najnov\u0161ie ocenenia v roku 2025.","og_url":"https:\/\/www.cechova.sk\/19-years-in-chambers-europe-cechova-partners-once-again-among-the-top-law-firms-in-slovakia\/","og_site_name":"\u010cechov\u00e1 &amp; Partners","article_published_time":"2025-03-25T08:36:05+00:00","article_modified_time":"2025-04-28T15:02:33+00:00","author":"cechova","twitter_card":"summary_large_image","twitter_misc":{"Autor":"cechova","Predpokladan\u00fd \u010das \u010d\u00edtania":"2 min\u00faty"},"schema":{"@context":"https:\/\/schema.org","@graph":[{"@type":"WebPage","@id":"https:\/\/www.cechova.sk\/19-years-in-chambers-europe-cechova-partners-once-again-among-the-top-law-firms-in-slovakia\/","url":"https:\/\/www.cechova.sk\/19-years-in-chambers-europe-cechova-partners-once-again-among-the-top-law-firms-in-slovakia\/","name":"19 rokov v Chambers Europe: \u010cechov\u00e1 & Partners je st\u00e1le medzi top advok\u00e1tskymi kancel\u00e1riami na Slovensku - \u010cechov\u00e1 &amp; Partners","isPartOf":{"@id":"https:\/\/www.cechova.sk\/#website"},"datePublished":"2025-03-25T08:36:05+00:00","dateModified":"2025-04-28T15:02:33+00:00","author":{"@id":"https:\/\/www.cechova.sk\/#\/schema\/person\/0815c9b657126cba96d63fbe4eabd0a8"},"description":"\u010cechov\u00e1 & Partners u\u017e 19 rokov medzi top advok\u00e1tskymi kancel\u00e1riami pod\u013ea Chambers Europe. Pozrite si najnov\u0161ie ocenenia v roku 2025.","breadcrumb":{"@id":"https:\/\/www.cechova.sk\/19-years-in-chambers-europe-cechova-partners-once-again-among-the-top-law-firms-in-slovakia\/#breadcrumb"},"inLanguage":"sk-SK","potentialAction":[{"@type":"ReadAction","target":["https:\/\/www.cechova.sk\/19-years-in-chambers-europe-cechova-partners-once-again-among-the-top-law-firms-in-slovakia\/"]}]},{"@type":"BreadcrumbList","@id":"https:\/\/www.cechova.sk\/19-years-in-chambers-europe-cechova-partners-once-again-among-the-top-law-firms-in-slovakia\/#breadcrumb","itemListElement":[{"@type":"ListItem","position":1,"name":"Home","item":"https:\/\/www.cechova.sk\/sk\/"},{"@type":"ListItem","position":2,"name":"19 rokov v Chambers Europe: \u010cechov\u00e1 &#038; Partners je st\u00e1le medzi top advok\u00e1tskymi kancel\u00e1riami na Slovensku"}]},{"@type":"WebSite","@id":"https:\/\/www.cechova.sk\/#website","url":"https:\/\/www.cechova.sk\/","name":"\u010cechov\u00e1 &amp; Partners","description":"Len \u010fal\u0161ia WordPress str\u00e1nka","potentialAction":[{"@type":"SearchAction","target":{"@type":"EntryPoint","urlTemplate":"https:\/\/www.cechova.sk\/?s={search_term_string}"},"query-input":{"@type":"PropertyValueSpecification","valueRequired":true,"valueName":"search_term_string"}}],"inLanguage":"sk-SK"},{"@type":"Person","@id":"https:\/\/www.cechova.sk\/#\/schema\/person\/0815c9b657126cba96d63fbe4eabd0a8","name":"cechova","image":{"@type":"ImageObject","inLanguage":"sk-SK","@id":"https:\/\/www.cechova.sk\/#\/schema\/person\/image\/","url":"https:\/\/secure.gravatar.com\/avatar\/1cad393d5bb0ac8c9aaca1e510dfd58f4674fbb2973e6c457f426499b52b67b4?s=96&d=mm&r=g","contentUrl":"https:\/\/secure.gravatar.com\/avatar\/1cad393d5bb0ac8c9aaca1e510dfd58f4674fbb2973e6c457f426499b52b67b4?s=96&d=mm&r=g","caption":"cechova"}}]}},"_links":{"self":[{"href":"https:\/\/www.cechova.sk\/sk\/wp-json\/wp\/v2\/posts\/5019\/"}],"collection":[{"href":"https:\/\/www.cechova.sk\/sk\/wp-json\/wp\/v2\/posts\/"}],"about":[{"href":"https:\/\/www.cechova.sk\/sk\/wp-json\/wp\/v2\/types\/post\/"}],"author":[{"embeddable":true,"href":"https:\/\/www.cechova.sk\/sk\/wp-json\/wp\/v2\/users\/2\/"}],"replies":[{"embeddable":true,"href":"https:\/\/www.cechova.sk\/sk\/wp-json\/wp\/v2\/comments\/?post=5019"}],"version-history":[{"count":5,"href":"https:\/\/www.cechova.sk\/sk\/wp-json\/wp\/v2\/posts\/5019\/revisions\/"}],"predecessor-version":[{"id":5106,"href":"https:\/\/www.cechova.sk\/sk\/wp-json\/wp\/v2\/posts\/5019\/revisions\/5106\/"}],"wp:attachment":[{"href":"https:\/\/www.cechova.sk\/sk\/wp-json\/wp\/v2\/media\/?parent=5019"}],"wp:term":[{"taxonomy":"category","embeddable":true,"href":"https:\/\/www.cechova.sk\/sk\/wp-json\/wp\/v2\/categories\/?post=5019"}],"curies":[{"name":"wp","href":"https:\/\/api.w.org\/{rel}","templated":true}]}}