{"id":4463,"date":"2023-06-01T07:31:28","date_gmt":"2023-06-01T05:31:28","guid":{"rendered":"http:\/\/www.cechova.sk\/?p=4463"},"modified":"2023-06-02T07:40:52","modified_gmt":"2023-06-02T05:40:52","slug":"vitame-jana-vigana-medzi-advokatmi","status":"publish","type":"post","link":"https:\/\/www.cechova.sk\/sk\/vitame-jana-vigana-medzi-advokatmi\/","title":{"rendered":"V\u00edtame J\u00e1na Vigana medzi advok\u00e1tmi"},"content":{"rendered":"<h3>Gratulujeme n\u00e1\u0161mu kolegovi J\u00e1novi.<\/h3>\n<p>S pote\u0161en\u00edm oznamujeme, \u017ee J\u00e1n Vigano sa stal od 1. j\u00fana 2023 advok\u00e1tom.<\/p>\n<p>J\u00e1n pracoval v na\u0161ej advok\u00e1tskej kancel\u00e1rii ako advok\u00e1tsky koncipient od roku 2022 a bude u n\u00e1s p\u00f4sobi\u0165 aj na\u010falej a vykon\u00e1va\u0165 svoju advok\u00e1tsku prax.<\/p>\n<p>Venuje sa najm\u00e4 pr\u00e1vu obchodn\u00fdch spolo\u010dnost\u00ed, obchodn\u00e9mu pr\u00e1vu, pracovn\u00e9mu pr\u00e1vu a sporovej agende.<\/p>\n<p>J\u00e1n sa vo vo\u013enom \u010dase r\u00e1d venuje behu, bicyklovaniu a \u010d\u00edtaniu kn\u00edh.<\/p>\n","protected":false},"excerpt":{"rendered":"<p>Gratulujeme n\u00e1\u0161mu kolegovi J\u00e1novi. S pote\u0161en\u00edm oznamujeme, \u017ee J\u00e1n Vigano sa stal od 1. j\u00fana 2023 advok\u00e1tom. J\u00e1n pracoval v&#8230;<\/p>\n","protected":false},"author":2,"featured_media":0,"comment_status":"open","ping_status":"open","sticky":false,"template":"","format":"standard","meta":{"inline_featured_image":false,"episode_type":"","audio_file":"","cover_image":"","cover_image_id":"","duration":"","filesize":"","date_recorded":"","explicit":"","block":"","itunes_episode_number":"","itunes_title":"","itunes_season_number":"","itunes_episode_type":"","filesize_raw":"","footnotes":""},"categories":["1","2","11","12","20","21","32","33"],"class_list":{"0":"post-4463","1":"post","2":"type-post","3":"status-publish","4":"format-standard","5":"hentry","6":"category-dalsie-publikacie","8":"category-financial-law-news","9":"category-european-community-law-news","10":"category-aktuality","11":"category-pravne-novinky"},"yoast_head":"<!-- This site is optimized with the Yoast SEO plugin v26.0 - https:\/\/yoast.com\/wordpress\/plugins\/seo\/ -->\n<title>V\u00edtame J\u00e1na Vigana medzi advok\u00e1tmi - \u010cechov\u00e1 &amp; Partners<\/title>\n<meta name=\"description\" content=\"S pote\u0161en\u00edm oznamujeme, \u017ee J\u00e1n Vigano sa \u00faspe\u0161ne stal od 1. j\u00fana 2023 advok\u00e1tom.\" \/>\n<meta name=\"robots\" content=\"index, follow, max-snippet:-1, max-image-preview:large, max-video-preview:-1\" \/>\n<link rel=\"canonical\" href=\"https:\/\/www.cechova.sk\/sk\/vitame-jana-vigana-medzi-advokatmi\/\" \/>\n<meta property=\"og:locale\" content=\"sk_SK\" \/>\n<meta property=\"og:type\" content=\"article\" \/>\n<meta property=\"og:title\" content=\"V\u00edtame J\u00e1na Vigana medzi advok\u00e1tmi - \u010cechov\u00e1 &amp; Partners\" \/>\n<meta property=\"og:description\" content=\"S pote\u0161en\u00edm oznamujeme, \u017ee J\u00e1n Vigano sa \u00faspe\u0161ne stal od 1. j\u00fana 2023 advok\u00e1tom.\" \/>\n<meta property=\"og:url\" content=\"https:\/\/www.cechova.sk\/sk\/vitame-jana-vigana-medzi-advokatmi\/\" \/>\n<meta property=\"og:site_name\" content=\"\u010cechov\u00e1 &amp; Partners\" \/>\n<meta property=\"article:published_time\" content=\"2023-06-01T05:31:28+00:00\" \/>\n<meta property=\"article:modified_time\" content=\"2023-06-02T05:40:52+00:00\" \/>\n<meta name=\"author\" content=\"cechova\" \/>\n<meta name=\"twitter:card\" content=\"summary_large_image\" \/>\n<meta name=\"twitter:label1\" content=\"Autor\" \/>\n\t<meta name=\"twitter:data1\" content=\"cechova\" \/>\n<script type=\"application\/ld+json\" class=\"yoast-schema-graph\">{\"@context\":\"https:\/\/schema.org\",\"@graph\":[{\"@type\":\"WebPage\",\"@id\":\"https:\/\/www.cechova.sk\/sk\/vitame-jana-vigana-medzi-advokatmi\/\",\"url\":\"https:\/\/www.cechova.sk\/sk\/vitame-jana-vigana-medzi-advokatmi\/\",\"name\":\"V\u00edtame J\u00e1na Vigana medzi advok\u00e1tmi - \u010cechov\u00e1 &amp; Partners\",\"isPartOf\":{\"@id\":\"https:\/\/www.cechova.sk\/#website\"},\"datePublished\":\"2023-06-01T05:31:28+00:00\",\"dateModified\":\"2023-06-02T05:40:52+00:00\",\"author\":{\"@id\":\"https:\/\/www.cechova.sk\/#\/schema\/person\/0815c9b657126cba96d63fbe4eabd0a8\"},\"description\":\"S pote\u0161en\u00edm oznamujeme, \u017ee J\u00e1n Vigano sa \u00faspe\u0161ne stal od 1. j\u00fana 2023 advok\u00e1tom.\",\"breadcrumb\":{\"@id\":\"https:\/\/www.cechova.sk\/sk\/vitame-jana-vigana-medzi-advokatmi\/#breadcrumb\"},\"inLanguage\":\"sk-SK\",\"potentialAction\":[{\"@type\":\"ReadAction\",\"target\":[\"https:\/\/www.cechova.sk\/sk\/vitame-jana-vigana-medzi-advokatmi\/\"]}]},{\"@type\":\"BreadcrumbList\",\"@id\":\"https:\/\/www.cechova.sk\/sk\/vitame-jana-vigana-medzi-advokatmi\/#breadcrumb\",\"itemListElement\":[{\"@type\":\"ListItem\",\"position\":1,\"name\":\"Home\",\"item\":\"https:\/\/www.cechova.sk\/sk\/\"},{\"@type\":\"ListItem\",\"position\":2,\"name\":\"V\u00edtame J\u00e1na Vigana medzi advok\u00e1tmi\"}]},{\"@type\":\"WebSite\",\"@id\":\"https:\/\/www.cechova.sk\/#website\",\"url\":\"https:\/\/www.cechova.sk\/\",\"name\":\"\u010cechov\u00e1 &amp; Partners\",\"description\":\"Len \u010fal\u0161ia WordPress str\u00e1nka\",\"potentialAction\":[{\"@type\":\"SearchAction\",\"target\":{\"@type\":\"EntryPoint\",\"urlTemplate\":\"https:\/\/www.cechova.sk\/?s={search_term_string}\"},\"query-input\":{\"@type\":\"PropertyValueSpecification\",\"valueRequired\":true,\"valueName\":\"search_term_string\"}}],\"inLanguage\":\"sk-SK\"},{\"@type\":\"Person\",\"@id\":\"https:\/\/www.cechova.sk\/#\/schema\/person\/0815c9b657126cba96d63fbe4eabd0a8\",\"name\":\"cechova\",\"image\":{\"@type\":\"ImageObject\",\"inLanguage\":\"sk-SK\",\"@id\":\"https:\/\/www.cechova.sk\/#\/schema\/person\/image\/\",\"url\":\"https:\/\/secure.gravatar.com\/avatar\/1cad393d5bb0ac8c9aaca1e510dfd58f4674fbb2973e6c457f426499b52b67b4?s=96&d=mm&r=g\",\"contentUrl\":\"https:\/\/secure.gravatar.com\/avatar\/1cad393d5bb0ac8c9aaca1e510dfd58f4674fbb2973e6c457f426499b52b67b4?s=96&d=mm&r=g\",\"caption\":\"cechova\"}}]}<\/script>\n<!-- \/ Yoast SEO plugin. -->","yoast_head_json":{"title":"V\u00edtame J\u00e1na Vigana medzi advok\u00e1tmi - \u010cechov\u00e1 &amp; Partners","description":"S pote\u0161en\u00edm oznamujeme, \u017ee J\u00e1n Vigano sa \u00faspe\u0161ne stal od 1. j\u00fana 2023 advok\u00e1tom.","robots":{"index":"index","follow":"follow","max-snippet":"max-snippet:-1","max-image-preview":"max-image-preview:large","max-video-preview":"max-video-preview:-1"},"canonical":"https:\/\/www.cechova.sk\/sk\/vitame-jana-vigana-medzi-advokatmi\/","og_locale":"sk_SK","og_type":"article","og_title":"V\u00edtame J\u00e1na Vigana medzi advok\u00e1tmi - \u010cechov\u00e1 &amp; Partners","og_description":"S pote\u0161en\u00edm oznamujeme, \u017ee J\u00e1n Vigano sa \u00faspe\u0161ne stal od 1. j\u00fana 2023 advok\u00e1tom.","og_url":"https:\/\/www.cechova.sk\/sk\/vitame-jana-vigana-medzi-advokatmi\/","og_site_name":"\u010cechov\u00e1 &amp; Partners","article_published_time":"2023-06-01T05:31:28+00:00","article_modified_time":"2023-06-02T05:40:52+00:00","author":"cechova","twitter_card":"summary_large_image","twitter_misc":{"Autor":"cechova"},"schema":{"@context":"https:\/\/schema.org","@graph":[{"@type":"WebPage","@id":"https:\/\/www.cechova.sk\/sk\/vitame-jana-vigana-medzi-advokatmi\/","url":"https:\/\/www.cechova.sk\/sk\/vitame-jana-vigana-medzi-advokatmi\/","name":"V\u00edtame J\u00e1na Vigana medzi advok\u00e1tmi - \u010cechov\u00e1 &amp; Partners","isPartOf":{"@id":"https:\/\/www.cechova.sk\/#website"},"datePublished":"2023-06-01T05:31:28+00:00","dateModified":"2023-06-02T05:40:52+00:00","author":{"@id":"https:\/\/www.cechova.sk\/#\/schema\/person\/0815c9b657126cba96d63fbe4eabd0a8"},"description":"S pote\u0161en\u00edm oznamujeme, \u017ee J\u00e1n Vigano sa \u00faspe\u0161ne stal od 1. j\u00fana 2023 advok\u00e1tom.","breadcrumb":{"@id":"https:\/\/www.cechova.sk\/sk\/vitame-jana-vigana-medzi-advokatmi\/#breadcrumb"},"inLanguage":"sk-SK","potentialAction":[{"@type":"ReadAction","target":["https:\/\/www.cechova.sk\/sk\/vitame-jana-vigana-medzi-advokatmi\/"]}]},{"@type":"BreadcrumbList","@id":"https:\/\/www.cechova.sk\/sk\/vitame-jana-vigana-medzi-advokatmi\/#breadcrumb","itemListElement":[{"@type":"ListItem","position":1,"name":"Home","item":"https:\/\/www.cechova.sk\/sk\/"},{"@type":"ListItem","position":2,"name":"V\u00edtame J\u00e1na Vigana medzi advok\u00e1tmi"}]},{"@type":"WebSite","@id":"https:\/\/www.cechova.sk\/#website","url":"https:\/\/www.cechova.sk\/","name":"\u010cechov\u00e1 &amp; Partners","description":"Len \u010fal\u0161ia WordPress str\u00e1nka","potentialAction":[{"@type":"SearchAction","target":{"@type":"EntryPoint","urlTemplate":"https:\/\/www.cechova.sk\/?s={search_term_string}"},"query-input":{"@type":"PropertyValueSpecification","valueRequired":true,"valueName":"search_term_string"}}],"inLanguage":"sk-SK"},{"@type":"Person","@id":"https:\/\/www.cechova.sk\/#\/schema\/person\/0815c9b657126cba96d63fbe4eabd0a8","name":"cechova","image":{"@type":"ImageObject","inLanguage":"sk-SK","@id":"https:\/\/www.cechova.sk\/#\/schema\/person\/image\/","url":"https:\/\/secure.gravatar.com\/avatar\/1cad393d5bb0ac8c9aaca1e510dfd58f4674fbb2973e6c457f426499b52b67b4?s=96&d=mm&r=g","contentUrl":"https:\/\/secure.gravatar.com\/avatar\/1cad393d5bb0ac8c9aaca1e510dfd58f4674fbb2973e6c457f426499b52b67b4?s=96&d=mm&r=g","caption":"cechova"}}]}},"_links":{"self":[{"href":"https:\/\/www.cechova.sk\/sk\/wp-json\/wp\/v2\/posts\/4463\/"}],"collection":[{"href":"https:\/\/www.cechova.sk\/sk\/wp-json\/wp\/v2\/posts\/"}],"about":[{"href":"https:\/\/www.cechova.sk\/sk\/wp-json\/wp\/v2\/types\/post\/"}],"author":[{"embeddable":true,"href":"https:\/\/www.cechova.sk\/sk\/wp-json\/wp\/v2\/users\/2\/"}],"replies":[{"embeddable":true,"href":"https:\/\/www.cechova.sk\/sk\/wp-json\/wp\/v2\/comments\/?post=4463"}],"version-history":[{"count":3,"href":"https:\/\/www.cechova.sk\/sk\/wp-json\/wp\/v2\/posts\/4463\/revisions\/"}],"predecessor-version":[{"id":4471,"href":"https:\/\/www.cechova.sk\/sk\/wp-json\/wp\/v2\/posts\/4463\/revisions\/4471\/"}],"wp:attachment":[{"href":"https:\/\/www.cechova.sk\/sk\/wp-json\/wp\/v2\/media\/?parent=4463"}],"wp:term":[{"taxonomy":"category","embeddable":true,"href":"https:\/\/www.cechova.sk\/sk\/wp-json\/wp\/v2\/categories\/?post=4463"}],"curies":[{"name":"wp","href":"https:\/\/api.w.org\/{rel}","templated":true}]}}