{"id":3887,"date":"2021-12-09T13:43:20","date_gmt":"2021-12-09T12:43:20","guid":{"rendered":"http:\/\/www.cechova.sk\/?p=3887"},"modified":"2021-12-09T13:43:20","modified_gmt":"2021-12-09T12:43:20","slug":"vitame-noveho-partnera","status":"publish","type":"post","link":"https:\/\/www.cechova.sk\/sk\/vitame-noveho-partnera\/","title":{"rendered":"V\u00edtame nov\u00e9ho partnera"},"content":{"rendered":"<h3>V\u00edtame Mareka Holku ako n\u00e1\u0161ho nov\u00e9ho partnera<\/h3>\n<p>S pote\u0161en\u00edm oznamujeme, \u017ee Marek Holka sa stal partnerom v na\u0161ej kancel\u00e1rii. Marek za\u010dal u n\u00e1s p\u00f4sobi\u0165 u\u017e v roku 2006 ako \u0161tudent pr\u00e1va. Po ukon\u010den\u00ed \u0161t\u00fadia v roku 2011 pokra\u010doval ako koncipient a po vynikaj\u00facom absolvovan\u00ed advok\u00e1tskej sk\u00fa\u0161ky vykon\u00e1va u\u00a0n\u00e1s nepretr\u017eite svoju advok\u00e1tsku prax.<\/p>\n<p>Vo svojej kari\u00e9re sa stal jedn\u00fdm z na\u0161ich naj\u0161pi\u010dkovej\u0161\u00edch odborn\u00edkov na farmaceutick\u00e9 a s\u00fa\u0165a\u017en\u00e9 pr\u00e1vo.<\/p>\n<p>Marek pravidelne pom\u00e1ha klientom v \u0161irokom spektre komplexn\u00fdch farmaceutick\u00fdch, distribu\u010dn\u00fdch, protimonopoln\u00fdch a s\u00fa\u0165a\u017en\u00fdch z\u00e1le\u017eitost\u00ed.<\/p>\n<p>Je \u0161\u0165astne \u017eenat\u00fd s man\u017eelkou Lindou a hrd\u00fdm otcom ich dvojro\u010dn\u00e9ho syna Filipa. Vo vo\u013enom \u010dase si r\u00e1d pre\u010d\u00edta dobr\u00fa knihu, ob\u013eubuje cestovanie, turistiku a rockov\u00fa a metalov\u00fa hudbu.<\/p>\n<p>Marek sa ofici\u00e1lne stane partnerom kancel\u00e1rie od 1. janu\u00e1ra 2022 a u\u017e teraz sa te\u0161\u00edme na skvel\u00fd osobn\u00fd pr\u00ednos, ktor\u00fd bude poskytova\u0165 aj na\u010falej.<\/p>\n","protected":false},"excerpt":{"rendered":"<p>V\u00edtame Mareka Holku ako n\u00e1\u0161ho nov\u00e9ho partnera S pote\u0161en\u00edm oznamujeme, \u017ee Marek Holka sa stal partnerom v na\u0161ej kancel\u00e1rii. Marek&#8230;<\/p>\n","protected":false},"author":2,"featured_media":0,"comment_status":"open","ping_status":"open","sticky":false,"template":"","format":"standard","meta":{"inline_featured_image":false,"episode_type":"","audio_file":"","cover_image":"","cover_image_id":"","duration":"","filesize":"","date_recorded":"","explicit":"","block":"","itunes_episode_number":"","itunes_title":"","itunes_season_number":"","itunes_episode_type":"","filesize_raw":"","footnotes":""},"categories":["1","2","11","12","20","21","32","33"],"class_list":{"0":"post-3887","1":"post","2":"type-post","3":"status-publish","4":"format-standard","5":"hentry","6":"category-dalsie-publikacie","8":"category-financial-law-news","9":"category-european-community-law-news","10":"category-aktuality","11":"category-pravne-novinky"},"yoast_head":"<!-- This site is optimized with the Yoast SEO plugin v26.0 - https:\/\/yoast.com\/wordpress\/plugins\/seo\/ -->\n<title>V\u00edtame nov\u00e9ho partnera - \u010cechov\u00e1 &amp; Partners<\/title>\n<meta name=\"description\" content=\"Marek sa ofici\u00e1lne stane partnerom kancel\u00e1rie od 1. janu\u00e1ra 2022 a u\u017e teraz sa te\u0161\u00edme na skvel\u00fd osobn\u00fd pr\u00ednos, ktor\u00fd bude poskytova\u0165 aj na\u010falej.\" \/>\n<meta name=\"robots\" content=\"index, follow, max-snippet:-1, max-image-preview:large, max-video-preview:-1\" \/>\n<link rel=\"canonical\" href=\"https:\/\/www.cechova.sk\/sk\/we-welcome-our-new-partner\/\" \/>\n<meta property=\"og:locale\" content=\"sk_SK\" \/>\n<meta property=\"og:type\" content=\"article\" \/>\n<meta property=\"og:title\" content=\"V\u00edtame nov\u00e9ho partnera - \u010cechov\u00e1 &amp; Partners\" \/>\n<meta property=\"og:description\" content=\"Marek sa ofici\u00e1lne stane partnerom kancel\u00e1rie od 1. janu\u00e1ra 2022 a u\u017e teraz sa te\u0161\u00edme na skvel\u00fd osobn\u00fd pr\u00ednos, ktor\u00fd bude poskytova\u0165 aj na\u010falej.\" \/>\n<meta property=\"og:url\" content=\"https:\/\/www.cechova.sk\/we-welcome-our-new-partner\/\" \/>\n<meta property=\"og:site_name\" content=\"\u010cechov\u00e1 &amp; Partners\" \/>\n<meta property=\"article:published_time\" content=\"2021-12-09T12:43:20+00:00\" \/>\n<meta name=\"author\" content=\"cechova\" \/>\n<meta name=\"twitter:card\" content=\"summary_large_image\" \/>\n<meta name=\"twitter:label1\" content=\"Autor\" \/>\n\t<meta name=\"twitter:data1\" content=\"cechova\" \/>\n\t<meta name=\"twitter:label2\" content=\"Predpokladan\u00fd \u010das \u010d\u00edtania\" \/>\n\t<meta name=\"twitter:data2\" content=\"1 min\u00fata\" \/>\n<script type=\"application\/ld+json\" class=\"yoast-schema-graph\">{\"@context\":\"https:\/\/schema.org\",\"@graph\":[{\"@type\":\"WebPage\",\"@id\":\"https:\/\/www.cechova.sk\/we-welcome-our-new-partner\/\",\"url\":\"https:\/\/www.cechova.sk\/we-welcome-our-new-partner\/\",\"name\":\"V\u00edtame nov\u00e9ho partnera - \u010cechov\u00e1 &amp; Partners\",\"isPartOf\":{\"@id\":\"https:\/\/www.cechova.sk\/#website\"},\"datePublished\":\"2021-12-09T12:43:20+00:00\",\"author\":{\"@id\":\"https:\/\/www.cechova.sk\/#\/schema\/person\/0815c9b657126cba96d63fbe4eabd0a8\"},\"description\":\"Marek sa ofici\u00e1lne stane partnerom kancel\u00e1rie od 1. janu\u00e1ra 2022 a u\u017e teraz sa te\u0161\u00edme na skvel\u00fd osobn\u00fd pr\u00ednos, ktor\u00fd bude poskytova\u0165 aj na\u010falej.\",\"breadcrumb\":{\"@id\":\"https:\/\/www.cechova.sk\/we-welcome-our-new-partner\/#breadcrumb\"},\"inLanguage\":\"sk-SK\",\"potentialAction\":[{\"@type\":\"ReadAction\",\"target\":[\"https:\/\/www.cechova.sk\/we-welcome-our-new-partner\/\"]}]},{\"@type\":\"BreadcrumbList\",\"@id\":\"https:\/\/www.cechova.sk\/we-welcome-our-new-partner\/#breadcrumb\",\"itemListElement\":[{\"@type\":\"ListItem\",\"position\":1,\"name\":\"Home\",\"item\":\"https:\/\/www.cechova.sk\/sk\/\"},{\"@type\":\"ListItem\",\"position\":2,\"name\":\"V\u00edtame nov\u00e9ho partnera\"}]},{\"@type\":\"WebSite\",\"@id\":\"https:\/\/www.cechova.sk\/#website\",\"url\":\"https:\/\/www.cechova.sk\/\",\"name\":\"\u010cechov\u00e1 &amp; Partners\",\"description\":\"Len \u010fal\u0161ia WordPress str\u00e1nka\",\"potentialAction\":[{\"@type\":\"SearchAction\",\"target\":{\"@type\":\"EntryPoint\",\"urlTemplate\":\"https:\/\/www.cechova.sk\/?s={search_term_string}\"},\"query-input\":{\"@type\":\"PropertyValueSpecification\",\"valueRequired\":true,\"valueName\":\"search_term_string\"}}],\"inLanguage\":\"sk-SK\"},{\"@type\":\"Person\",\"@id\":\"https:\/\/www.cechova.sk\/#\/schema\/person\/0815c9b657126cba96d63fbe4eabd0a8\",\"name\":\"cechova\",\"image\":{\"@type\":\"ImageObject\",\"inLanguage\":\"sk-SK\",\"@id\":\"https:\/\/www.cechova.sk\/#\/schema\/person\/image\/\",\"url\":\"https:\/\/secure.gravatar.com\/avatar\/1cad393d5bb0ac8c9aaca1e510dfd58f4674fbb2973e6c457f426499b52b67b4?s=96&d=mm&r=g\",\"contentUrl\":\"https:\/\/secure.gravatar.com\/avatar\/1cad393d5bb0ac8c9aaca1e510dfd58f4674fbb2973e6c457f426499b52b67b4?s=96&d=mm&r=g\",\"caption\":\"cechova\"}}]}<\/script>\n<!-- \/ Yoast SEO plugin. -->","yoast_head_json":{"title":"V\u00edtame nov\u00e9ho partnera - \u010cechov\u00e1 &amp; Partners","description":"Marek sa ofici\u00e1lne stane partnerom kancel\u00e1rie od 1. janu\u00e1ra 2022 a u\u017e teraz sa te\u0161\u00edme na skvel\u00fd osobn\u00fd pr\u00ednos, ktor\u00fd bude poskytova\u0165 aj na\u010falej.","robots":{"index":"index","follow":"follow","max-snippet":"max-snippet:-1","max-image-preview":"max-image-preview:large","max-video-preview":"max-video-preview:-1"},"canonical":"https:\/\/www.cechova.sk\/sk\/we-welcome-our-new-partner\/","og_locale":"sk_SK","og_type":"article","og_title":"V\u00edtame nov\u00e9ho partnera - \u010cechov\u00e1 &amp; Partners","og_description":"Marek sa ofici\u00e1lne stane partnerom kancel\u00e1rie od 1. janu\u00e1ra 2022 a u\u017e teraz sa te\u0161\u00edme na skvel\u00fd osobn\u00fd pr\u00ednos, ktor\u00fd bude poskytova\u0165 aj na\u010falej.","og_url":"https:\/\/www.cechova.sk\/we-welcome-our-new-partner\/","og_site_name":"\u010cechov\u00e1 &amp; Partners","article_published_time":"2021-12-09T12:43:20+00:00","author":"cechova","twitter_card":"summary_large_image","twitter_misc":{"Autor":"cechova","Predpokladan\u00fd \u010das \u010d\u00edtania":"1 min\u00fata"},"schema":{"@context":"https:\/\/schema.org","@graph":[{"@type":"WebPage","@id":"https:\/\/www.cechova.sk\/we-welcome-our-new-partner\/","url":"https:\/\/www.cechova.sk\/we-welcome-our-new-partner\/","name":"V\u00edtame nov\u00e9ho partnera - \u010cechov\u00e1 &amp; Partners","isPartOf":{"@id":"https:\/\/www.cechova.sk\/#website"},"datePublished":"2021-12-09T12:43:20+00:00","author":{"@id":"https:\/\/www.cechova.sk\/#\/schema\/person\/0815c9b657126cba96d63fbe4eabd0a8"},"description":"Marek sa ofici\u00e1lne stane partnerom kancel\u00e1rie od 1. janu\u00e1ra 2022 a u\u017e teraz sa te\u0161\u00edme na skvel\u00fd osobn\u00fd pr\u00ednos, ktor\u00fd bude poskytova\u0165 aj na\u010falej.","breadcrumb":{"@id":"https:\/\/www.cechova.sk\/we-welcome-our-new-partner\/#breadcrumb"},"inLanguage":"sk-SK","potentialAction":[{"@type":"ReadAction","target":["https:\/\/www.cechova.sk\/we-welcome-our-new-partner\/"]}]},{"@type":"BreadcrumbList","@id":"https:\/\/www.cechova.sk\/we-welcome-our-new-partner\/#breadcrumb","itemListElement":[{"@type":"ListItem","position":1,"name":"Home","item":"https:\/\/www.cechova.sk\/sk\/"},{"@type":"ListItem","position":2,"name":"V\u00edtame nov\u00e9ho partnera"}]},{"@type":"WebSite","@id":"https:\/\/www.cechova.sk\/#website","url":"https:\/\/www.cechova.sk\/","name":"\u010cechov\u00e1 &amp; Partners","description":"Len \u010fal\u0161ia WordPress str\u00e1nka","potentialAction":[{"@type":"SearchAction","target":{"@type":"EntryPoint","urlTemplate":"https:\/\/www.cechova.sk\/?s={search_term_string}"},"query-input":{"@type":"PropertyValueSpecification","valueRequired":true,"valueName":"search_term_string"}}],"inLanguage":"sk-SK"},{"@type":"Person","@id":"https:\/\/www.cechova.sk\/#\/schema\/person\/0815c9b657126cba96d63fbe4eabd0a8","name":"cechova","image":{"@type":"ImageObject","inLanguage":"sk-SK","@id":"https:\/\/www.cechova.sk\/#\/schema\/person\/image\/","url":"https:\/\/secure.gravatar.com\/avatar\/1cad393d5bb0ac8c9aaca1e510dfd58f4674fbb2973e6c457f426499b52b67b4?s=96&d=mm&r=g","contentUrl":"https:\/\/secure.gravatar.com\/avatar\/1cad393d5bb0ac8c9aaca1e510dfd58f4674fbb2973e6c457f426499b52b67b4?s=96&d=mm&r=g","caption":"cechova"}}]}},"_links":{"self":[{"href":"https:\/\/www.cechova.sk\/sk\/wp-json\/wp\/v2\/posts\/3887\/"}],"collection":[{"href":"https:\/\/www.cechova.sk\/sk\/wp-json\/wp\/v2\/posts\/"}],"about":[{"href":"https:\/\/www.cechova.sk\/sk\/wp-json\/wp\/v2\/types\/post\/"}],"author":[{"embeddable":true,"href":"https:\/\/www.cechova.sk\/sk\/wp-json\/wp\/v2\/users\/2\/"}],"replies":[{"embeddable":true,"href":"https:\/\/www.cechova.sk\/sk\/wp-json\/wp\/v2\/comments\/?post=3887"}],"version-history":[{"count":1,"href":"https:\/\/www.cechova.sk\/sk\/wp-json\/wp\/v2\/posts\/3887\/revisions\/"}],"predecessor-version":[{"id":3888,"href":"https:\/\/www.cechova.sk\/sk\/wp-json\/wp\/v2\/posts\/3887\/revisions\/3888\/"}],"wp:attachment":[{"href":"https:\/\/www.cechova.sk\/sk\/wp-json\/wp\/v2\/media\/?parent=3887"}],"wp:term":[{"taxonomy":"category","embeddable":true,"href":"https:\/\/www.cechova.sk\/sk\/wp-json\/wp\/v2\/categories\/?post=3887"}],"curies":[{"name":"wp","href":"https:\/\/api.w.org\/{rel}","templated":true}]}}