{"id":3393,"date":"2020-10-23T10:48:40","date_gmt":"2020-10-23T08:48:40","guid":{"rendered":"http:\/\/www.cechova.sk\/?p=3393"},"modified":"2020-10-23T11:24:46","modified_gmt":"2020-10-23T09:24:46","slug":"koncepcia-kurzarbeit","status":"publish","type":"post","link":"https:\/\/www.cechova.sk\/sk\/koncepcia-kurzarbeit\/","title":{"rendered":"Koncepcia skr\u00e1tenej pr\u00e1ce \u201eKurzarbeit\u201c"},"content":{"rendered":"<p>D\u0148a 21.10.2020\u00a0 vl\u00e1da SR schv\u00e1lila n\u00e1vrh koncepcie zavedenia re\u017eimu skr\u00e1tenej pr\u00e1ce do slovensk\u00e9ho pr\u00e1vneho poriadku s pl\u00e1novanou \u00fa\u010dinnos\u0165ou od 1.1.2022. Koncepcia skr\u00e1tenej pr\u00e1ce, in\u0161pirovan\u00e1 nemeck\u00fdm modelom tzv. \u201eKurzarbeit\u201c, by mala umo\u017eni\u0165 zamestn\u00e1vate\u013eom, ktor\u00ed potrebuj\u00fa do\u010dasne obmedzi\u0165 prev\u00e1dzku v nepriaznivej situ\u00e1cii sp\u00f4sobenej vonkaj\u0161\u00edmi vplyvmi, do\u010dasne skr\u00e1ti\u0165 zamestnancom pracovn\u00fd \u010das. Z\u00e1rove\u0148 sa \u0161t\u00e1t prostredn\u00edctvom na to ur\u010denej d\u00e1vky zo \u0161t\u00e1tnej sch\u00e9my soci\u00e1lneho zabezpe\u010denia bude podie\u013ea\u0165 na kompenz\u00e1cii straty pr\u00edjmu zamestnancov z d\u00f4vodu skr\u00e1ten\u00e9ho pracovn\u00e9ho \u010dasu.\u00a0 N\u00e1vrh z\u00e1kona o skr\u00e1tenej pr\u00e1ci by mal by\u0165 predlo\u017een\u00fd na rokovanie vl\u00e1dy do konca kalend\u00e1rneho roka 2020 a jeho schv\u00e1lenie slovensk\u00fdm parlamentom sa o\u010dak\u00e1va v prvom \u0161tvr\u0165roku 2021. Je potrebn\u00e9 nezamie\u0148a\u0165 si t\u00fato nov\u00fa koncepciu so s\u00fa\u010dasnou platnou do\u010dasnou sch\u00e9mou pomoci (tzv. Prv\u00e1 pomoc) zavedenou z d\u00f4vodu s\u00fa\u010dasnej pand\u00e9mie, ktor\u00e1 sa tie\u017e ozna\u010duje ako \u201eKurzarbeit\u201c. Viac podrobnost\u00ed si m\u00f4\u017eete pre\u010d\u00edta\u0165 tu:<\/p>\n<p style=\"text-align: center;\"><span style=\"font-size: 14pt;\"><a href=\"https:\/\/rokovania.gov.sk\/download.dat?id=A537EA3217934EF195BF713343AE69BA-257C5466187C2A9079378F7503E03218\" target=\"_blank\" rel=\"noopener noreferrer\">Koncepcia zavedenia re\u017eimu skr\u00e1tenej pr\u00e1ce \u201eKurzarbeit\u201c<\/a><\/span><\/p>\n","protected":false},"excerpt":{"rendered":"<p>D\u0148a 21.10.2020\u00a0 vl\u00e1da SR schv\u00e1lila n\u00e1vrh koncepcie zavedenia re\u017eimu skr\u00e1tenej pr\u00e1ce do slovensk\u00e9ho pr\u00e1vneho poriadku s pl\u00e1novanou \u00fa\u010dinnos\u0165ou od 1.1.2022&#8230;.<\/p>\n","protected":false},"author":2,"featured_media":0,"comment_status":"open","ping_status":"open","sticky":false,"template":"","format":"standard","meta":{"inline_featured_image":false,"episode_type":"","audio_file":"","cover_image":"","cover_image_id":"","duration":"","filesize":"","date_recorded":"","explicit":"","block":"","itunes_episode_number":"","itunes_title":"","itunes_season_number":"","itunes_episode_type":"","filesize_raw":"","footnotes":""},"categories":["1","2","11","12","20","21","32","33"],"class_list":{"0":"post-3393","1":"post","2":"type-post","3":"status-publish","4":"format-standard","5":"hentry","6":"category-dalsie-publikacie","8":"category-financial-law-news","9":"category-european-community-law-news","10":"category-aktuality","11":"category-pravne-novinky"},"yoast_head":"<!-- This site is optimized with the Yoast SEO plugin v26.0 - https:\/\/yoast.com\/wordpress\/plugins\/seo\/ -->\n<title>Koncepcia skr\u00e1tenej pr\u00e1ce \u201eKurzarbeit\u201c - \u010cechov\u00e1 &amp; Partners<\/title>\n<meta name=\"description\" content=\"Koncepcia Kurzarbeit\" \/>\n<meta name=\"robots\" content=\"index, follow, max-snippet:-1, max-image-preview:large, max-video-preview:-1\" \/>\n<link rel=\"canonical\" href=\"https:\/\/www.cechova.sk\/sk\/the-short-time-work-scheme-kurzarbeitergeld\/\" \/>\n<meta property=\"og:locale\" content=\"sk_SK\" \/>\n<meta property=\"og:type\" content=\"article\" \/>\n<meta property=\"og:title\" content=\"Koncepcia skr\u00e1tenej pr\u00e1ce \u201eKurzarbeit\u201c - \u010cechov\u00e1 &amp; Partners\" \/>\n<meta property=\"og:description\" content=\"Koncepcia Kurzarbeit\" \/>\n<meta property=\"og:url\" content=\"https:\/\/www.cechova.sk\/the-short-time-work-scheme-kurzarbeitergeld\/\" \/>\n<meta property=\"og:site_name\" content=\"\u010cechov\u00e1 &amp; Partners\" \/>\n<meta property=\"article:published_time\" content=\"2020-10-23T08:48:40+00:00\" \/>\n<meta property=\"article:modified_time\" content=\"2020-10-23T09:24:46+00:00\" \/>\n<meta name=\"author\" content=\"cechova\" \/>\n<meta name=\"twitter:card\" content=\"summary_large_image\" \/>\n<meta name=\"twitter:label1\" content=\"Autor\" \/>\n\t<meta name=\"twitter:data1\" content=\"cechova\" \/>\n\t<meta name=\"twitter:label2\" content=\"Predpokladan\u00fd \u010das \u010d\u00edtania\" \/>\n\t<meta name=\"twitter:data2\" content=\"1 min\u00fata\" \/>\n<script type=\"application\/ld+json\" class=\"yoast-schema-graph\">{\"@context\":\"https:\/\/schema.org\",\"@graph\":[{\"@type\":\"WebPage\",\"@id\":\"https:\/\/www.cechova.sk\/the-short-time-work-scheme-kurzarbeitergeld\/\",\"url\":\"https:\/\/www.cechova.sk\/the-short-time-work-scheme-kurzarbeitergeld\/\",\"name\":\"Koncepcia skr\u00e1tenej pr\u00e1ce \u201eKurzarbeit\u201c - \u010cechov\u00e1 &amp; Partners\",\"isPartOf\":{\"@id\":\"https:\/\/www.cechova.sk\/#website\"},\"datePublished\":\"2020-10-23T08:48:40+00:00\",\"dateModified\":\"2020-10-23T09:24:46+00:00\",\"author\":{\"@id\":\"https:\/\/www.cechova.sk\/#\/schema\/person\/0815c9b657126cba96d63fbe4eabd0a8\"},\"description\":\"Koncepcia Kurzarbeit\",\"breadcrumb\":{\"@id\":\"https:\/\/www.cechova.sk\/the-short-time-work-scheme-kurzarbeitergeld\/#breadcrumb\"},\"inLanguage\":\"sk-SK\",\"potentialAction\":[{\"@type\":\"ReadAction\",\"target\":[\"https:\/\/www.cechova.sk\/the-short-time-work-scheme-kurzarbeitergeld\/\"]}]},{\"@type\":\"BreadcrumbList\",\"@id\":\"https:\/\/www.cechova.sk\/the-short-time-work-scheme-kurzarbeitergeld\/#breadcrumb\",\"itemListElement\":[{\"@type\":\"ListItem\",\"position\":1,\"name\":\"Home\",\"item\":\"https:\/\/www.cechova.sk\/sk\/\"},{\"@type\":\"ListItem\",\"position\":2,\"name\":\"Koncepcia skr\u00e1tenej pr\u00e1ce \u201eKurzarbeit\u201c\"}]},{\"@type\":\"WebSite\",\"@id\":\"https:\/\/www.cechova.sk\/#website\",\"url\":\"https:\/\/www.cechova.sk\/\",\"name\":\"\u010cechov\u00e1 &amp; Partners\",\"description\":\"Len \u010fal\u0161ia WordPress str\u00e1nka\",\"potentialAction\":[{\"@type\":\"SearchAction\",\"target\":{\"@type\":\"EntryPoint\",\"urlTemplate\":\"https:\/\/www.cechova.sk\/?s={search_term_string}\"},\"query-input\":{\"@type\":\"PropertyValueSpecification\",\"valueRequired\":true,\"valueName\":\"search_term_string\"}}],\"inLanguage\":\"sk-SK\"},{\"@type\":\"Person\",\"@id\":\"https:\/\/www.cechova.sk\/#\/schema\/person\/0815c9b657126cba96d63fbe4eabd0a8\",\"name\":\"cechova\",\"image\":{\"@type\":\"ImageObject\",\"inLanguage\":\"sk-SK\",\"@id\":\"https:\/\/www.cechova.sk\/#\/schema\/person\/image\/\",\"url\":\"https:\/\/secure.gravatar.com\/avatar\/1cad393d5bb0ac8c9aaca1e510dfd58f4674fbb2973e6c457f426499b52b67b4?s=96&d=mm&r=g\",\"contentUrl\":\"https:\/\/secure.gravatar.com\/avatar\/1cad393d5bb0ac8c9aaca1e510dfd58f4674fbb2973e6c457f426499b52b67b4?s=96&d=mm&r=g\",\"caption\":\"cechova\"}}]}<\/script>\n<!-- \/ Yoast SEO plugin. -->","yoast_head_json":{"title":"Koncepcia skr\u00e1tenej pr\u00e1ce \u201eKurzarbeit\u201c - \u010cechov\u00e1 &amp; Partners","description":"Koncepcia Kurzarbeit","robots":{"index":"index","follow":"follow","max-snippet":"max-snippet:-1","max-image-preview":"max-image-preview:large","max-video-preview":"max-video-preview:-1"},"canonical":"https:\/\/www.cechova.sk\/sk\/the-short-time-work-scheme-kurzarbeitergeld\/","og_locale":"sk_SK","og_type":"article","og_title":"Koncepcia skr\u00e1tenej pr\u00e1ce \u201eKurzarbeit\u201c - \u010cechov\u00e1 &amp; Partners","og_description":"Koncepcia Kurzarbeit","og_url":"https:\/\/www.cechova.sk\/the-short-time-work-scheme-kurzarbeitergeld\/","og_site_name":"\u010cechov\u00e1 &amp; Partners","article_published_time":"2020-10-23T08:48:40+00:00","article_modified_time":"2020-10-23T09:24:46+00:00","author":"cechova","twitter_card":"summary_large_image","twitter_misc":{"Autor":"cechova","Predpokladan\u00fd \u010das \u010d\u00edtania":"1 min\u00fata"},"schema":{"@context":"https:\/\/schema.org","@graph":[{"@type":"WebPage","@id":"https:\/\/www.cechova.sk\/the-short-time-work-scheme-kurzarbeitergeld\/","url":"https:\/\/www.cechova.sk\/the-short-time-work-scheme-kurzarbeitergeld\/","name":"Koncepcia skr\u00e1tenej pr\u00e1ce \u201eKurzarbeit\u201c - \u010cechov\u00e1 &amp; Partners","isPartOf":{"@id":"https:\/\/www.cechova.sk\/#website"},"datePublished":"2020-10-23T08:48:40+00:00","dateModified":"2020-10-23T09:24:46+00:00","author":{"@id":"https:\/\/www.cechova.sk\/#\/schema\/person\/0815c9b657126cba96d63fbe4eabd0a8"},"description":"Koncepcia Kurzarbeit","breadcrumb":{"@id":"https:\/\/www.cechova.sk\/the-short-time-work-scheme-kurzarbeitergeld\/#breadcrumb"},"inLanguage":"sk-SK","potentialAction":[{"@type":"ReadAction","target":["https:\/\/www.cechova.sk\/the-short-time-work-scheme-kurzarbeitergeld\/"]}]},{"@type":"BreadcrumbList","@id":"https:\/\/www.cechova.sk\/the-short-time-work-scheme-kurzarbeitergeld\/#breadcrumb","itemListElement":[{"@type":"ListItem","position":1,"name":"Home","item":"https:\/\/www.cechova.sk\/sk\/"},{"@type":"ListItem","position":2,"name":"Koncepcia skr\u00e1tenej pr\u00e1ce \u201eKurzarbeit\u201c"}]},{"@type":"WebSite","@id":"https:\/\/www.cechova.sk\/#website","url":"https:\/\/www.cechova.sk\/","name":"\u010cechov\u00e1 &amp; Partners","description":"Len \u010fal\u0161ia WordPress str\u00e1nka","potentialAction":[{"@type":"SearchAction","target":{"@type":"EntryPoint","urlTemplate":"https:\/\/www.cechova.sk\/?s={search_term_string}"},"query-input":{"@type":"PropertyValueSpecification","valueRequired":true,"valueName":"search_term_string"}}],"inLanguage":"sk-SK"},{"@type":"Person","@id":"https:\/\/www.cechova.sk\/#\/schema\/person\/0815c9b657126cba96d63fbe4eabd0a8","name":"cechova","image":{"@type":"ImageObject","inLanguage":"sk-SK","@id":"https:\/\/www.cechova.sk\/#\/schema\/person\/image\/","url":"https:\/\/secure.gravatar.com\/avatar\/1cad393d5bb0ac8c9aaca1e510dfd58f4674fbb2973e6c457f426499b52b67b4?s=96&d=mm&r=g","contentUrl":"https:\/\/secure.gravatar.com\/avatar\/1cad393d5bb0ac8c9aaca1e510dfd58f4674fbb2973e6c457f426499b52b67b4?s=96&d=mm&r=g","caption":"cechova"}}]}},"_links":{"self":[{"href":"https:\/\/www.cechova.sk\/sk\/wp-json\/wp\/v2\/posts\/3393\/"}],"collection":[{"href":"https:\/\/www.cechova.sk\/sk\/wp-json\/wp\/v2\/posts\/"}],"about":[{"href":"https:\/\/www.cechova.sk\/sk\/wp-json\/wp\/v2\/types\/post\/"}],"author":[{"embeddable":true,"href":"https:\/\/www.cechova.sk\/sk\/wp-json\/wp\/v2\/users\/2\/"}],"replies":[{"embeddable":true,"href":"https:\/\/www.cechova.sk\/sk\/wp-json\/wp\/v2\/comments\/?post=3393"}],"version-history":[{"count":7,"href":"https:\/\/www.cechova.sk\/sk\/wp-json\/wp\/v2\/posts\/3393\/revisions\/"}],"predecessor-version":[{"id":3403,"href":"https:\/\/www.cechova.sk\/sk\/wp-json\/wp\/v2\/posts\/3393\/revisions\/3403\/"}],"wp:attachment":[{"href":"https:\/\/www.cechova.sk\/sk\/wp-json\/wp\/v2\/media\/?parent=3393"}],"wp:term":[{"taxonomy":"category","embeddable":true,"href":"https:\/\/www.cechova.sk\/sk\/wp-json\/wp\/v2\/categories\/?post=3393"}],"curies":[{"name":"wp","href":"https:\/\/api.w.org\/{rel}","templated":true}]}}