{"id":3375,"date":"2020-10-06T11:13:41","date_gmt":"2020-10-06T09:13:41","guid":{"rendered":"http:\/\/www.cechova.sk\/?p=3375"},"modified":"2020-10-06T11:13:41","modified_gmt":"2020-10-06T09:13:41","slug":"hromadne-podujatia-pocas-pandemie-covid-19","status":"publish","type":"post","link":"https:\/\/www.cechova.sk\/sk\/hromadne-podujatia-pocas-pandemie-covid-19\/","title":{"rendered":"Hromadn\u00e9 podujatia po\u010das pand\u00e9mie COVID-19"},"content":{"rendered":"<p><span style=\"font-size: 14pt;\">Mo\u017enos\u0165 organiz\u00e1cie hromadn\u00fdch podujat\u00ed pod\u013ea nov\u00fdch opatren\u00ed \u00daVZ SR<\/span><\/p>\n<p>30. septembra 2020 prijal \u00darad verejn\u00e9ho zdravotn\u00edctva Slovenskej republiky <a href=\"https:\/\/www.uvzsr.sk\/docs\/info\/covid19\/30_09_2020_opatrenie_prevadzky_a_HP.pdf\">Opatrenie \u010d. OLP\/7694\/2020 <\/a>v\u00a0znen\u00ed opravn\u00e9ho opatrenia zo d\u0148a 1. okt\u00f3bra 2020, ktor\u00fdm reaguje na situ\u00e1ciu vzniknut\u00fa v\u00a0d\u00f4sledku zv\u00fd\u0161en\u00e9ho v\u00fdskytu pr\u00edpadov ochorenia COVID-19 na Slovensku.<\/p>\n<p>Pod\u013ea opatrenia sa s \u00fa\u010dinnos\u0165ou od 1. okt\u00f3bra 2020 do odvolania v\u0161etk\u00fdm fyzick\u00fdm osob\u00e1m, fyzick\u00fdm osob\u00e1m \u2013 podnikate\u013eom a pr\u00e1vnick\u00fdm osob\u00e1m zakazuje usporad\u00fava\u0165 hromadn\u00e9 podujatia \u0161portovej, kult\u00farnej, z\u00e1bavnej, spolo\u010denskej \u010di inej povahy v jednom okamihu v po\u010dte nad 50 os\u00f4b. V pr\u00edpade, \u017ee po\u010det os\u00f4b na kult\u00farnych alebo \u0161portov\u00fdch podujatiach vystupuj\u00facich v\u00a0mene organiz\u00e1tora (\u00fa\u010dinkuj\u00faci, \u0161portovci, organiza\u010dn\u00fd t\u00edm a pod.) presiahne po\u010det 50, hromadn\u00e9 podujatie sa m\u00f4\u017ee uskuto\u010dni\u0165, ale bez pr\u00edtomnosti obecenstva.<\/p>\n<p>Osobitn\u00fa pozornos\u0165 je v\u0161ak potrebn\u00e9 venova\u0165 ustanoveniu, pod\u013ea ktor\u00e9ho sa zakazuje usporad\u00fava\u0165 hromadn\u00e9 podujatia kult\u00farnej, z\u00e1bavnej, spolo\u010denskej \u010di inej povahy (diskot\u00e9ky, tane\u010dn\u00e9 z\u00e1bavy a pod.) v prev\u00e1dzkach verejn\u00e9ho stravovania (re\u0161taur\u00e1cie, bary, no\u010dn\u00e9 kluby, pohostinstv\u00e1, at\u010f.) a v\u00a0ubytovac\u00edch zariadeniach. Toto obmedzenie sa net\u00fdka be\u017en\u00e9ho poskytovania stravovac\u00edch slu\u017eieb v prev\u00e1dzkach verejn\u00e9ho stravovania.<\/p>\n<p>Uveden\u00e9 opatrenia m\u00f4\u017eu predstavova\u0165 v\u00fdznamn\u00e9 obmedzenie pre subjekty, ktor\u00e9 zvykn\u00fa v\u00a0r\u00e1mci svojej \u010dinnosti pravidelne organizova\u0165 napr. aj vzdel\u00e1vacie semin\u00e1re v priestoroch hotelov \u010di re\u0161taur\u00e1ci\u00ed. \u0160kolenia a semin\u00e1re toti\u017e mo\u017eno zaradi\u0165 pod pojem \u201ein\u00e9 podujatia\u201c, ktor\u00e9 s\u00fa v\u00a0hoteloch a\u00a0re\u0161taur\u00e1ci\u00e1ch plo\u0161ne zak\u00e1zan\u00e9. Z\u00e1merom \u00faradu bolo zrejme obmedzi\u0165 najm\u00e4 podujatia spolo\u010denskej a\u00a0z\u00e1bavnej povahy spojen\u00e9 s\u00a0konzum\u00e1ciou jed\u00e1l a\u00a0n\u00e1pojov, pri ktor\u00fdch by doch\u00e1dzalo ku koncentr\u00e1cii v\u00e4\u010d\u0161ieho mno\u017estva os\u00f4b bez prekrytia \u00fast a\u00a0nosa v\u00a0uzavret\u00fdch priestoroch, v\u00a0praxi sa v\u0161ak dotkne \u00a0aj vzdel\u00e1vac\u00edch a\u00a0in\u00fdch aktiv\u00edt, pri ktor\u00fdch ku konzum\u00e1cii nemus\u00ed v\u00f4bec doch\u00e1dza\u0165.<\/p>\n<p>Za zmienku taktie\u017e stoji z\u00e1kaz ak\u00fdchko\u013evek hromadn\u00fdch podujat\u00ed spolo\u010densk\u00e9ho charakteru \u2013 kary, svadby, krstiny, oslavy, plesy, stu\u017ekov\u00e9 sl\u00e1vnosti apod., nako\u013eko pri nich doch\u00e1dza k\u00a0evidovaniu \u0161tatisticky v\u00fdznamn\u00e9ho percenta v\u00fdskytu ochorenia COVID-19.<\/p>\n<p>\u00darad, napriek vy\u0161\u0161ie spomenut\u00fdm zdravotn\u00fdm opatreniam, d\u00e1va organiz\u00e1torom mo\u017enos\u0165, aby mohli by\u0165 usporad\u00favan\u00e9 hromadn\u00e9 podujatia aj nad r\u00e1mec limitov a obmedzen\u00ed, ktor\u00e9 prijal. T\u00ed toti\u017e m\u00f4\u017eu usporiada\u0165 aj tak\u00e9 hromadn\u00e9 podujatie, ktor\u00e9 prekra\u010duje po\u010det 50 \u00fa\u010dastn\u00edkov vr\u00e1tane organiz\u00e1torov, spolo\u010densko-z\u00e1bavn\u00e9 podujatia (oslavy apod.), resp. hromadn\u00e9 podujatia konaj\u00face sa v\u00a0hoteli alebo re\u0161taur\u00e1cii, za predpokladu, \u017ee v\u0161etci \u00fa\u010dastn\u00edci preuk\u00e1\u017eu svoj zdravotn\u00fd stav negat\u00edvnym testom na COVID-19 nie star\u0161\u00edm ne\u017e 12 hod\u00edn. Z\u00e1rove\u0148 je potrebn\u00e9, aby bolo miesto a\u00a0\u010das tak\u00e9hoto hromadn\u00e9ho podujatia ozn\u00e1men\u00e9 najnesk\u00f4r 48 hod\u00edn pred jeho za\u010dat\u00edm pr\u00edslu\u0161n\u00e9mu \u00faradu region\u00e1lneho zdravotn\u00edctva. Paradoxne, za dodr\u017eania t\u00fdchto je mo\u017en\u00e9 pod\u00e1va\u0165 a\u00a0teda aj konzumova\u0165 n\u00e1poje \u010di jedl\u00e1.<\/p>\n<p>Ka\u017ed\u00e9 hromadn\u00e9 podujatie, a to akejko\u013evek povahy, za eventuality, \u017ee je v\u00a0zmysle opatrenia dovolen\u00e9, mus\u00ed sp\u013a\u0148a\u0165 nasleduj\u00face zdravotno-hygienick\u00e9 po\u017eiadavky:<\/p>\n<ul>\n<li>klasick\u00e1 ochrana tv\u00e1re a\u00a0d\u00fdchac\u00edch ciest pri vstupe a pobyte;<\/li>\n<li>nepod\u00e1va\u0165 a\u00a0nekonzumova\u0165 n\u00e1poje a\u00a0pokrmy (neplat\u00ed pri v\u00fdnimke s\u00a0negat\u00edvnymi testami);<\/li>\n<li>\u010dast\u00e1 dezinfekcia priestorov, vybavenie hygienick\u00fdmi prostriedkami;<\/li>\n<li>zabezpe\u010denie d\u00e1vkova\u010dov alkoholovej dezinfekcie na ruky;<\/li>\n<li>zabezpe\u010denie oznamu pri vstupe do budovy o\u00a0povinnosti dom\u00e1cej izol\u00e1cie v\u00a0pr\u00edpade ak\u00fatneho respira\u010dn\u00e9ho ochorenia;<\/li>\n<li>zverejnenie oznamu oh\u013eadne z\u00e1kazu pod\u00e1vania r\u00fak a\u00a0povinnosti kontaktova\u0165 lek\u00e1ra pri pr\u00edznakoch ak\u00fatneho respira\u010dn\u00e9ho ochorenia (ako aj opustenia miesta hromadn\u00e9ho podujatia);<\/li>\n<li>zabezpe\u010denie rozostupu 2m medzi osobami pri \u00fa\u010dasti na podujat\u00ed ako aj pri pr\u00edchode a\u00a0odchode z neho;<\/li>\n<li>ako u\u017e bolo spomenut\u00e9, v\u00a0pr\u00edpade sedenia (napr. v\u00a0r\u00e1mci semin\u00e1rov) je potrebn\u00e9 vynecha\u0165 medzi obsaden\u00fdmi miestami jedno vo\u013en\u00e9, pri\u010dom dva rady za sebou by mali sedie\u0165 na obraz \u0161achovnice, \u010di\u017ee nie za sebou priamo, alebo tak, \u017ee sa sed\u00ed len v\u00a0ka\u017edom druhom rade;<\/li>\n<li>schopnos\u0165 preuk\u00e1za\u0165 aktu\u00e1lny po\u010det pr\u00edtomn\u00fdch \u00fa\u010dastn\u00edkov;<\/li>\n<li>zabezpe\u010denie dostato\u010dn\u00e9ho vetrania priestorov.<\/li>\n<\/ul>\n<p>Za poru\u0161enie opatrenia hroz\u00ed pokuta a\u017e do 20\u00a0000 eur.<\/p>\n","protected":false},"excerpt":{"rendered":"<p>Mo\u017enos\u0165 organiz\u00e1cie hromadn\u00fdch podujat\u00ed pod\u013ea nov\u00fdch opatren\u00ed \u00daVZ SR 30. septembra 2020 prijal \u00darad verejn\u00e9ho zdravotn\u00edctva Slovenskej republiky Opatrenie \u010d&#8230;.<\/p>\n","protected":false},"author":2,"featured_media":0,"comment_status":"open","ping_status":"open","sticky":false,"template":"","format":"standard","meta":{"inline_featured_image":false,"episode_type":"","audio_file":"","cover_image":"","cover_image_id":"","duration":"","filesize":"","date_recorded":"","explicit":"","block":"","itunes_episode_number":"","itunes_title":"","itunes_season_number":"","itunes_episode_type":"","filesize_raw":"","footnotes":""},"categories":["1","2","11","12","20","21","32","33"],"class_list":{"0":"post-3375","1":"post","2":"type-post","3":"status-publish","4":"format-standard","5":"hentry","6":"category-dalsie-publikacie","8":"category-financial-law-news","9":"category-european-community-law-news","10":"category-aktuality","11":"category-pravne-novinky"},"yoast_head":"<!-- This site is optimized with the Yoast SEO plugin v26.0 - https:\/\/yoast.com\/wordpress\/plugins\/seo\/ -->\n<title>Hromadn\u00e9 podujatia po\u010das pand\u00e9mie COVID-19 - \u010cechov\u00e1 &amp; Partners<\/title>\n<meta name=\"description\" content=\"Hromadn\u00e9 podujatia po\u010das pand\u00e9mie COVID-19. Mo\u017enos\u0165 organiz\u00e1cie hromadn\u00fdch podujat\u00ed pod\u013ea nov\u00fdch opatren\u00ed \u00daVZ SR 30.9.2020\" \/>\n<meta name=\"robots\" content=\"index, follow, max-snippet:-1, max-image-preview:large, max-video-preview:-1\" \/>\n<link rel=\"canonical\" href=\"https:\/\/www.cechova.sk\/sk\/hromadne-podujatia-pocas-pandemie-covid-19\/\" \/>\n<meta property=\"og:locale\" content=\"sk_SK\" \/>\n<meta property=\"og:type\" content=\"article\" \/>\n<meta property=\"og:title\" content=\"Hromadn\u00e9 podujatia po\u010das pand\u00e9mie COVID-19 - \u010cechov\u00e1 &amp; Partners\" \/>\n<meta property=\"og:description\" content=\"Hromadn\u00e9 podujatia po\u010das pand\u00e9mie COVID-19. Mo\u017enos\u0165 organiz\u00e1cie hromadn\u00fdch podujat\u00ed pod\u013ea nov\u00fdch opatren\u00ed \u00daVZ SR 30.9.2020\" \/>\n<meta property=\"og:url\" content=\"https:\/\/www.cechova.sk\/sk\/hromadne-podujatia-pocas-pandemie-covid-19\/\" \/>\n<meta property=\"og:site_name\" content=\"\u010cechov\u00e1 &amp; Partners\" \/>\n<meta property=\"article:published_time\" content=\"2020-10-06T09:13:41+00:00\" \/>\n<meta name=\"author\" content=\"cechova\" \/>\n<meta name=\"twitter:card\" content=\"summary_large_image\" \/>\n<meta name=\"twitter:label1\" content=\"Autor\" \/>\n\t<meta name=\"twitter:data1\" content=\"cechova\" \/>\n\t<meta name=\"twitter:label2\" content=\"Predpokladan\u00fd \u010das \u010d\u00edtania\" \/>\n\t<meta name=\"twitter:data2\" content=\"4 min\u00faty\" \/>\n<script type=\"application\/ld+json\" class=\"yoast-schema-graph\">{\"@context\":\"https:\/\/schema.org\",\"@graph\":[{\"@type\":\"WebPage\",\"@id\":\"https:\/\/www.cechova.sk\/sk\/hromadne-podujatia-pocas-pandemie-covid-19\/\",\"url\":\"https:\/\/www.cechova.sk\/sk\/hromadne-podujatia-pocas-pandemie-covid-19\/\",\"name\":\"Hromadn\u00e9 podujatia po\u010das pand\u00e9mie COVID-19 - \u010cechov\u00e1 &amp; Partners\",\"isPartOf\":{\"@id\":\"https:\/\/www.cechova.sk\/#website\"},\"datePublished\":\"2020-10-06T09:13:41+00:00\",\"author\":{\"@id\":\"https:\/\/www.cechova.sk\/#\/schema\/person\/0815c9b657126cba96d63fbe4eabd0a8\"},\"description\":\"Hromadn\u00e9 podujatia po\u010das pand\u00e9mie COVID-19. Mo\u017enos\u0165 organiz\u00e1cie hromadn\u00fdch podujat\u00ed pod\u013ea nov\u00fdch opatren\u00ed \u00daVZ SR 30.9.2020\",\"breadcrumb\":{\"@id\":\"https:\/\/www.cechova.sk\/sk\/hromadne-podujatia-pocas-pandemie-covid-19\/#breadcrumb\"},\"inLanguage\":\"sk-SK\",\"potentialAction\":[{\"@type\":\"ReadAction\",\"target\":[\"https:\/\/www.cechova.sk\/sk\/hromadne-podujatia-pocas-pandemie-covid-19\/\"]}]},{\"@type\":\"BreadcrumbList\",\"@id\":\"https:\/\/www.cechova.sk\/sk\/hromadne-podujatia-pocas-pandemie-covid-19\/#breadcrumb\",\"itemListElement\":[{\"@type\":\"ListItem\",\"position\":1,\"name\":\"Home\",\"item\":\"https:\/\/www.cechova.sk\/sk\/\"},{\"@type\":\"ListItem\",\"position\":2,\"name\":\"Hromadn\u00e9 podujatia po\u010das pand\u00e9mie COVID-19\"}]},{\"@type\":\"WebSite\",\"@id\":\"https:\/\/www.cechova.sk\/#website\",\"url\":\"https:\/\/www.cechova.sk\/\",\"name\":\"\u010cechov\u00e1 &amp; Partners\",\"description\":\"Len \u010fal\u0161ia WordPress str\u00e1nka\",\"potentialAction\":[{\"@type\":\"SearchAction\",\"target\":{\"@type\":\"EntryPoint\",\"urlTemplate\":\"https:\/\/www.cechova.sk\/?s={search_term_string}\"},\"query-input\":{\"@type\":\"PropertyValueSpecification\",\"valueRequired\":true,\"valueName\":\"search_term_string\"}}],\"inLanguage\":\"sk-SK\"},{\"@type\":\"Person\",\"@id\":\"https:\/\/www.cechova.sk\/#\/schema\/person\/0815c9b657126cba96d63fbe4eabd0a8\",\"name\":\"cechova\",\"image\":{\"@type\":\"ImageObject\",\"inLanguage\":\"sk-SK\",\"@id\":\"https:\/\/www.cechova.sk\/#\/schema\/person\/image\/\",\"url\":\"https:\/\/secure.gravatar.com\/avatar\/1cad393d5bb0ac8c9aaca1e510dfd58f4674fbb2973e6c457f426499b52b67b4?s=96&d=mm&r=g\",\"contentUrl\":\"https:\/\/secure.gravatar.com\/avatar\/1cad393d5bb0ac8c9aaca1e510dfd58f4674fbb2973e6c457f426499b52b67b4?s=96&d=mm&r=g\",\"caption\":\"cechova\"}}]}<\/script>\n<!-- \/ Yoast SEO plugin. -->","yoast_head_json":{"title":"Hromadn\u00e9 podujatia po\u010das pand\u00e9mie COVID-19 - \u010cechov\u00e1 &amp; Partners","description":"Hromadn\u00e9 podujatia po\u010das pand\u00e9mie COVID-19. Mo\u017enos\u0165 organiz\u00e1cie hromadn\u00fdch podujat\u00ed pod\u013ea nov\u00fdch opatren\u00ed \u00daVZ SR 30.9.2020","robots":{"index":"index","follow":"follow","max-snippet":"max-snippet:-1","max-image-preview":"max-image-preview:large","max-video-preview":"max-video-preview:-1"},"canonical":"https:\/\/www.cechova.sk\/sk\/hromadne-podujatia-pocas-pandemie-covid-19\/","og_locale":"sk_SK","og_type":"article","og_title":"Hromadn\u00e9 podujatia po\u010das pand\u00e9mie COVID-19 - \u010cechov\u00e1 &amp; Partners","og_description":"Hromadn\u00e9 podujatia po\u010das pand\u00e9mie COVID-19. Mo\u017enos\u0165 organiz\u00e1cie hromadn\u00fdch podujat\u00ed pod\u013ea nov\u00fdch opatren\u00ed \u00daVZ SR 30.9.2020","og_url":"https:\/\/www.cechova.sk\/sk\/hromadne-podujatia-pocas-pandemie-covid-19\/","og_site_name":"\u010cechov\u00e1 &amp; Partners","article_published_time":"2020-10-06T09:13:41+00:00","author":"cechova","twitter_card":"summary_large_image","twitter_misc":{"Autor":"cechova","Predpokladan\u00fd \u010das \u010d\u00edtania":"4 min\u00faty"},"schema":{"@context":"https:\/\/schema.org","@graph":[{"@type":"WebPage","@id":"https:\/\/www.cechova.sk\/sk\/hromadne-podujatia-pocas-pandemie-covid-19\/","url":"https:\/\/www.cechova.sk\/sk\/hromadne-podujatia-pocas-pandemie-covid-19\/","name":"Hromadn\u00e9 podujatia po\u010das pand\u00e9mie COVID-19 - \u010cechov\u00e1 &amp; Partners","isPartOf":{"@id":"https:\/\/www.cechova.sk\/#website"},"datePublished":"2020-10-06T09:13:41+00:00","author":{"@id":"https:\/\/www.cechova.sk\/#\/schema\/person\/0815c9b657126cba96d63fbe4eabd0a8"},"description":"Hromadn\u00e9 podujatia po\u010das pand\u00e9mie COVID-19. Mo\u017enos\u0165 organiz\u00e1cie hromadn\u00fdch podujat\u00ed pod\u013ea nov\u00fdch opatren\u00ed \u00daVZ SR 30.9.2020","breadcrumb":{"@id":"https:\/\/www.cechova.sk\/sk\/hromadne-podujatia-pocas-pandemie-covid-19\/#breadcrumb"},"inLanguage":"sk-SK","potentialAction":[{"@type":"ReadAction","target":["https:\/\/www.cechova.sk\/sk\/hromadne-podujatia-pocas-pandemie-covid-19\/"]}]},{"@type":"BreadcrumbList","@id":"https:\/\/www.cechova.sk\/sk\/hromadne-podujatia-pocas-pandemie-covid-19\/#breadcrumb","itemListElement":[{"@type":"ListItem","position":1,"name":"Home","item":"https:\/\/www.cechova.sk\/sk\/"},{"@type":"ListItem","position":2,"name":"Hromadn\u00e9 podujatia po\u010das pand\u00e9mie COVID-19"}]},{"@type":"WebSite","@id":"https:\/\/www.cechova.sk\/#website","url":"https:\/\/www.cechova.sk\/","name":"\u010cechov\u00e1 &amp; Partners","description":"Len \u010fal\u0161ia WordPress str\u00e1nka","potentialAction":[{"@type":"SearchAction","target":{"@type":"EntryPoint","urlTemplate":"https:\/\/www.cechova.sk\/?s={search_term_string}"},"query-input":{"@type":"PropertyValueSpecification","valueRequired":true,"valueName":"search_term_string"}}],"inLanguage":"sk-SK"},{"@type":"Person","@id":"https:\/\/www.cechova.sk\/#\/schema\/person\/0815c9b657126cba96d63fbe4eabd0a8","name":"cechova","image":{"@type":"ImageObject","inLanguage":"sk-SK","@id":"https:\/\/www.cechova.sk\/#\/schema\/person\/image\/","url":"https:\/\/secure.gravatar.com\/avatar\/1cad393d5bb0ac8c9aaca1e510dfd58f4674fbb2973e6c457f426499b52b67b4?s=96&d=mm&r=g","contentUrl":"https:\/\/secure.gravatar.com\/avatar\/1cad393d5bb0ac8c9aaca1e510dfd58f4674fbb2973e6c457f426499b52b67b4?s=96&d=mm&r=g","caption":"cechova"}}]}},"_links":{"self":[{"href":"https:\/\/www.cechova.sk\/sk\/wp-json\/wp\/v2\/posts\/3375\/"}],"collection":[{"href":"https:\/\/www.cechova.sk\/sk\/wp-json\/wp\/v2\/posts\/"}],"about":[{"href":"https:\/\/www.cechova.sk\/sk\/wp-json\/wp\/v2\/types\/post\/"}],"author":[{"embeddable":true,"href":"https:\/\/www.cechova.sk\/sk\/wp-json\/wp\/v2\/users\/2\/"}],"replies":[{"embeddable":true,"href":"https:\/\/www.cechova.sk\/sk\/wp-json\/wp\/v2\/comments\/?post=3375"}],"version-history":[{"count":1,"href":"https:\/\/www.cechova.sk\/sk\/wp-json\/wp\/v2\/posts\/3375\/revisions\/"}],"predecessor-version":[{"id":3376,"href":"https:\/\/www.cechova.sk\/sk\/wp-json\/wp\/v2\/posts\/3375\/revisions\/3376\/"}],"wp:attachment":[{"href":"https:\/\/www.cechova.sk\/sk\/wp-json\/wp\/v2\/media\/?parent=3375"}],"wp:term":[{"taxonomy":"category","embeddable":true,"href":"https:\/\/www.cechova.sk\/sk\/wp-json\/wp\/v2\/categories\/?post=3375"}],"curies":[{"name":"wp","href":"https:\/\/api.w.org\/{rel}","templated":true}]}}