{"id":3316,"date":"2020-09-10T18:45:53","date_gmt":"2020-09-10T16:45:53","guid":{"rendered":"http:\/\/www.cechova.sk\/?p=3316"},"modified":"2020-09-10T18:45:53","modified_gmt":"2020-09-10T16:45:53","slug":"dotacia-ministerstva-hospodarstva-na-kompenzaciu-trzieb-pre-segment-osobitnej-pravidelnej-dopravy-a-prilezitostnej-dopravy","status":"publish","type":"post","link":"https:\/\/www.cechova.sk\/sk\/dotacia-ministerstva-hospodarstva-na-kompenzaciu-trzieb-pre-segment-osobitnej-pravidelnej-dopravy-a-prilezitostnej-dopravy\/","title":{"rendered":"Dot\u00e1cia Ministerstva hospod\u00e1rstva  na kompenz\u00e1ciu tr\u017eieb pre segment osobitnej pravidelnej dopravy a pr\u00edle\u017eitostnej dopravy"},"content":{"rendered":"<p>Ministerstvo hospod\u00e1rstva Slovenskej republiky vyhl\u00e1silo d\u0148a 7.9.2020 v zmysle z\u00e1kona \u010d. 290\/2016 Z. z. o podpore mal\u00e9ho a stredn\u00e9ho podnikania a o zmene a doplnen\u00ed z\u00e1kona \u010d. 71\/2013 Z. z. o poskytovan\u00ed dot\u00e1ci\u00ed v p\u00f4sobnosti Ministerstva hospod\u00e1rstva Slovenskej republiky v znen\u00ed neskor\u0161\u00edch predpisov a schv\u00e1lenej Sch\u00e9my minim\u00e1lnej pomoci na podporu MSP v s\u00favislosti s vypuknut\u00edm ochorenia COVID-19 DM-11\/2020 (\u010falej len \u201eSch\u00e9ma\u201c) v\u00fdzvu na predkladanie\u00a0 \u017eiadost\u00ed o poskytnutie dot\u00e1cie na kompenz\u00e1ciu tr\u017eieb pre segment osobitnej pravidelnej dopravy a pr\u00edle\u017eitostnej dopravy.<\/p>\n<p>\u00da\u010delom dot\u00e1cie je kompenz\u00e1cia ekonomickej straty prev\u00e1dzkovate\u013eov autobusovej osobitnej pravidelnej dopravy a pr\u00edle\u017eitostnej dopravy vyvolanej \u0161\u00edren\u00edm ochorenia COVID-19, vo forme kompenz\u00e1cie poklesu tr\u017eieb, o ktor\u00e9 pri\u0161iel podnik uskuto\u010d\u0148uj\u00faci dopravu v obdob\u00ed od 11.3.2020 do 31.7.2020.<\/p>\n<p><span style=\"font-size: 14pt;\">Osoby opr\u00e1vnen\u00e9 \u017eiada\u0165 o dot\u00e1ciu<\/span><\/p>\n<p>O dot\u00e1ciu m\u00f4\u017eu \u017eiada\u0165 fyzick\u00e9 osoby \u2013 podnikatelia a pr\u00e1vnick\u00e9 osoby, ktor\u00e9:<\/p>\n<ul>\n<li>s\u00fa mikro, mal\u00fdm alebo stredn\u00fdm podnikom pod\u013ea pr\u00edlohy I nariadenia Komisie (E\u00da) \u010d. 651\/2014 zo 17. j\u00fana 2014;<\/li>\n<li>s\u00fa prev\u00e1dzkovate\u013eom autobusovej dopravy, a to osobitnej pravidelnej dopravy alebo pr\u00edle\u017eitostnej dopravy pod\u013ea z\u00e1kona \u010d. 56\/2012 Z. z. o cestnej doprave v znen\u00ed neskor\u0161\u00edch predpisov, s vozidlami s obsadite\u013enos\u0165ou na 9 os\u00f4b;<\/li>\n<li>a nevykon\u00e1vaj\u00fa \u010dinnos\u0165 na z\u00e1klade zmluvy o dopravn\u00fdch slu\u017eb\u00e1ch vo verejnom z\u00e1ujme.<\/li>\n<\/ul>\n<p><span style=\"font-size: 14pt;\">\u010eal\u0161\u00edmi podmienkami pre poskytnutie dot\u00e1cie s\u00fa:<\/span><\/p>\n<ul>\n<li>vysporiadan\u00e9 finan\u010dn\u00e9 vz\u0165ahy \u017eiadate\u013ea so \u0161t\u00e1tnym rozpo\u010dtom;<\/li>\n<li>vo\u010di \u017eiadate\u013eovi nie je veden\u00e9 konkurzn\u00e9 konanie, nie je v konkurze, v re\u0161trukturaliz\u00e1cii a nebol proti nemu zamietnut\u00fd n\u00e1vrh na vyhl\u00e1senie konkurzu pre nedostatok majetku;<\/li>\n<li>vo\u010di \u017eiadate\u013eovi nie je veden\u00fd v\u00fdkon rozhodnutia;<\/li>\n<li>\u017eiadate\u013e neporu\u0161il v predch\u00e1dzaj\u00facich troch rokoch z\u00e1kaz neleg\u00e1lneho zamestn\u00e1vania<\/li>\n<li>\u017eiadate\u013e nem\u00e1 evidovan\u00e9 nedoplatky na poistnom na soci\u00e1lne poistenie a zdravotn\u00e1 pois\u0165ov\u0148a neeviduje vo\u010di nemu poh\u013ead\u00e1vky po splatnosti;<\/li>\n<li>\u017eiadate\u013e nem\u00e1 pr\u00e1voplatne ulo\u017een\u00fd trest z\u00e1kazu prij\u00edma\u0165 dot\u00e1cie alebo subvencie;<\/li>\n<li>\u017eiadate\u013e nem\u00e1 pr\u00e1voplatne ulo\u017een\u00fd trest z\u00e1kazu prij\u00edma\u0165 pomoc a podporu poskytovan\u00fa z fondov Eur\u00f3pskej \u00fanie;<\/li>\n<li>\u017eiadate\u013e v \u017eiadosti ozna\u010d\u00ed kone\u010dn\u00fdch u\u017e\u00edvate\u013eov v\u00fdhod, ak v\u00fd\u0161ka pomoci pod\u013ea Sch\u00e9my prevy\u0161uje 100.000 eur na \u017eiados\u0165;<\/li>\n<li>a \u017eiadate\u013e sp\u013a\u0148a podmienky stanoven\u00e9 v Sch\u00e9me.<\/li>\n<\/ul>\n<p><span style=\"font-size: 14pt;\">Poskytovanie dot\u00e1cie<\/span><\/p>\n<p>O dot\u00e1ciu m\u00f4\u017ee \u017eiadate\u013e po\u017eiada\u0165 \u017eiados\u0165ou v listinnej forme na adresu Ministerstva hospod\u00e1rstva Slovenskej republiky alebo v elektronickej forme podp\u00edsan\u00fa kvalifikovan\u00fdm elektronick\u00fdm podpisom. K \u017eiadosti je potrebn\u00e9 pripoji\u0165 vyhl\u00e1senia \u017eiadate\u013ea o splnen\u00ed podmienok na poskytnutie dot\u00e1cie uveden\u00fdch vo formul\u00e1ri \u017eiadosti a tie\u017e preh\u013ead o pomoci de minimis prijatej po\u010das prebiehaj\u00faceho a dvoch predch\u00e1dzaj\u00facich fi\u0161k\u00e1lnych rokov.<\/p>\n<p><span style=\"font-size: 14pt;\">\u017diadosti o dot\u00e1ciu je mo\u017en\u00e9 predklada\u0165 od 7.9.2020 do 30.11.2020.<\/span><\/p>\n<p>Dot\u00e1cia sa poskytne v z\u00e1vislosti od poklesu tr\u017eieb \u017eiadate\u013ea v obdob\u00ed od 12.3.2020 do 31.7.2020. Pokles tr\u017eieb sa ur\u010d\u00ed porovnan\u00edm tr\u017eieb z predaja slu\u017eieb s\u00favisiacich s \u010dinnos\u0165ou osobitnej pravidelnej dopravy a pr\u00edle\u017eitostnej dopravy v od 12.3.2020 do 31.7.2020 s referen\u010dn\u00fdm obdob\u00edm od 12.3.2019 do 31.7.2019. Dot\u00e1ciu mo\u017eno poskytn\u00fa\u0165 \u017eiadate\u013eovi vo v\u00fd\u0161ke najviac 60% vy\u010d\u00edslen\u00e9ho poklesu tr\u017eieb, najviac v\u0161ak do v\u00fd\u0161ky 1.000 eur na autobus za ka\u017ed\u00fd mesiac uveden\u00e9ho obdobia.<\/p>\n<p>Maxim\u00e1lna v\u00fd\u0161ka dot\u00e1cie pre \u017eiadate\u013ea je obmedzen\u00e1 na 200.000 eur za predpokladu, \u017ee celkov\u00e1 v\u00fd\u0161ka pomoci de minimis jedin\u00e9mu podniku nepresiahne 200.000 eur v priebehu ak\u00e9hoko\u013evek obdobia troch fi\u0161k\u00e1lnych rokov.<\/p>\n<p>Tento \u010dl\u00e1nok si m\u00f4\u017eete pre\u010d\u00edta\u0165 aj v PDF verzii na tomto linku: <a href=\"http:\/\/www.cechova.sk\/wp-content\/uploads\/2020\/09\/Dot\u00e1cie-MAV-KCS.pdf\" target=\"_blank\" rel=\"noopener noreferrer\">Dot\u00e1cia Ministerstva hospod\u00e1rstva na kompenz\u00e1ciu tr\u017eieb pre segment osobitnej pravidelnej dopravy a pr\u00edle\u017eitostnej dopravy<\/a><\/p>\n","protected":false},"excerpt":{"rendered":"<p>Ministerstvo hospod\u00e1rstva Slovenskej republiky vyhl\u00e1silo d\u0148a 7.9.2020 v zmysle z\u00e1kona \u010d. 290\/2016 Z. z. o podpore mal\u00e9ho a stredn\u00e9ho podnikania&#8230;<\/p>\n","protected":false},"author":2,"featured_media":0,"comment_status":"open","ping_status":"open","sticky":false,"template":"","format":"standard","meta":{"inline_featured_image":false,"episode_type":"","audio_file":"","cover_image":"","cover_image_id":"","duration":"","filesize":"","date_recorded":"","explicit":"","block":"","itunes_episode_number":"","itunes_title":"","itunes_season_number":"","itunes_episode_type":"","filesize_raw":"","footnotes":""},"categories":["1","2","11","12","20","21","32","33"],"class_list":{"0":"post-3316","1":"post","2":"type-post","3":"status-publish","4":"format-standard","5":"hentry","6":"category-dalsie-publikacie","8":"category-financial-law-news","9":"category-european-community-law-news","10":"category-aktuality","11":"category-pravne-novinky"},"yoast_head":"<!-- This site is optimized with the Yoast SEO plugin v26.0 - https:\/\/yoast.com\/wordpress\/plugins\/seo\/ -->\n<title>Dot\u00e1cia Ministerstva hospod\u00e1rstva na kompenz\u00e1ciu tr\u017eieb pre segment osobitnej pravidelnej dopravy a pr\u00edle\u017eitostnej dopravy - \u010cechov\u00e1 &amp; Partners<\/title>\n<meta name=\"description\" content=\"Dot\u00e1cia Ministerstva hospod\u00e1rstva na kompenz\u00e1ciu tr\u017eieb pre segment osobitnej pravidelnej dopravy a pr\u00edle\u017eitostnej dopravy. COVID-19 opatrenie.\" \/>\n<meta name=\"robots\" content=\"index, follow, max-snippet:-1, max-image-preview:large, max-video-preview:-1\" \/>\n<link rel=\"canonical\" href=\"https:\/\/www.cechova.sk\/sk\/dotacia-ministerstva-hospodarstva-na-kompenzaciu-trzieb-pre-segment-osobitnej-pravidelnej-dopravy-a-prilezitostnej-dopravy\/\" \/>\n<meta property=\"og:locale\" content=\"sk_SK\" \/>\n<meta property=\"og:type\" content=\"article\" \/>\n<meta property=\"og:title\" content=\"Dot\u00e1cia Ministerstva hospod\u00e1rstva na kompenz\u00e1ciu tr\u017eieb pre segment osobitnej pravidelnej dopravy a pr\u00edle\u017eitostnej dopravy - \u010cechov\u00e1 &amp; Partners\" \/>\n<meta property=\"og:description\" content=\"Dot\u00e1cia Ministerstva hospod\u00e1rstva na kompenz\u00e1ciu tr\u017eieb pre segment osobitnej pravidelnej dopravy a pr\u00edle\u017eitostnej dopravy. COVID-19 opatrenie.\" \/>\n<meta property=\"og:url\" content=\"https:\/\/www.cechova.sk\/sk\/dotacia-ministerstva-hospodarstva-na-kompenzaciu-trzieb-pre-segment-osobitnej-pravidelnej-dopravy-a-prilezitostnej-dopravy\/\" \/>\n<meta property=\"og:site_name\" content=\"\u010cechov\u00e1 &amp; Partners\" \/>\n<meta property=\"article:published_time\" content=\"2020-09-10T16:45:53+00:00\" \/>\n<meta name=\"author\" content=\"cechova\" \/>\n<meta name=\"twitter:card\" content=\"summary_large_image\" \/>\n<meta name=\"twitter:label1\" content=\"Autor\" \/>\n\t<meta name=\"twitter:data1\" content=\"cechova\" \/>\n\t<meta name=\"twitter:label2\" content=\"Predpokladan\u00fd \u010das \u010d\u00edtania\" \/>\n\t<meta name=\"twitter:data2\" content=\"3 min\u00faty\" \/>\n<script type=\"application\/ld+json\" class=\"yoast-schema-graph\">{\"@context\":\"https:\/\/schema.org\",\"@graph\":[{\"@type\":\"WebPage\",\"@id\":\"https:\/\/www.cechova.sk\/sk\/dotacia-ministerstva-hospodarstva-na-kompenzaciu-trzieb-pre-segment-osobitnej-pravidelnej-dopravy-a-prilezitostnej-dopravy\/\",\"url\":\"https:\/\/www.cechova.sk\/sk\/dotacia-ministerstva-hospodarstva-na-kompenzaciu-trzieb-pre-segment-osobitnej-pravidelnej-dopravy-a-prilezitostnej-dopravy\/\",\"name\":\"Dot\u00e1cia Ministerstva hospod\u00e1rstva na kompenz\u00e1ciu tr\u017eieb pre segment osobitnej pravidelnej dopravy a pr\u00edle\u017eitostnej dopravy - \u010cechov\u00e1 &amp; Partners\",\"isPartOf\":{\"@id\":\"https:\/\/www.cechova.sk\/#website\"},\"datePublished\":\"2020-09-10T16:45:53+00:00\",\"author\":{\"@id\":\"https:\/\/www.cechova.sk\/#\/schema\/person\/0815c9b657126cba96d63fbe4eabd0a8\"},\"description\":\"Dot\u00e1cia Ministerstva hospod\u00e1rstva na kompenz\u00e1ciu tr\u017eieb pre segment osobitnej pravidelnej dopravy a pr\u00edle\u017eitostnej dopravy. COVID-19 opatrenie.\",\"breadcrumb\":{\"@id\":\"https:\/\/www.cechova.sk\/sk\/dotacia-ministerstva-hospodarstva-na-kompenzaciu-trzieb-pre-segment-osobitnej-pravidelnej-dopravy-a-prilezitostnej-dopravy\/#breadcrumb\"},\"inLanguage\":\"sk-SK\",\"potentialAction\":[{\"@type\":\"ReadAction\",\"target\":[\"https:\/\/www.cechova.sk\/sk\/dotacia-ministerstva-hospodarstva-na-kompenzaciu-trzieb-pre-segment-osobitnej-pravidelnej-dopravy-a-prilezitostnej-dopravy\/\"]}]},{\"@type\":\"BreadcrumbList\",\"@id\":\"https:\/\/www.cechova.sk\/sk\/dotacia-ministerstva-hospodarstva-na-kompenzaciu-trzieb-pre-segment-osobitnej-pravidelnej-dopravy-a-prilezitostnej-dopravy\/#breadcrumb\",\"itemListElement\":[{\"@type\":\"ListItem\",\"position\":1,\"name\":\"Home\",\"item\":\"https:\/\/www.cechova.sk\/sk\/\"},{\"@type\":\"ListItem\",\"position\":2,\"name\":\"Dot\u00e1cia Ministerstva hospod\u00e1rstva na kompenz\u00e1ciu tr\u017eieb pre segment osobitnej pravidelnej dopravy a pr\u00edle\u017eitostnej dopravy\"}]},{\"@type\":\"WebSite\",\"@id\":\"https:\/\/www.cechova.sk\/#website\",\"url\":\"https:\/\/www.cechova.sk\/\",\"name\":\"\u010cechov\u00e1 &amp; Partners\",\"description\":\"Len \u010fal\u0161ia WordPress str\u00e1nka\",\"potentialAction\":[{\"@type\":\"SearchAction\",\"target\":{\"@type\":\"EntryPoint\",\"urlTemplate\":\"https:\/\/www.cechova.sk\/?s={search_term_string}\"},\"query-input\":{\"@type\":\"PropertyValueSpecification\",\"valueRequired\":true,\"valueName\":\"search_term_string\"}}],\"inLanguage\":\"sk-SK\"},{\"@type\":\"Person\",\"@id\":\"https:\/\/www.cechova.sk\/#\/schema\/person\/0815c9b657126cba96d63fbe4eabd0a8\",\"name\":\"cechova\",\"image\":{\"@type\":\"ImageObject\",\"inLanguage\":\"sk-SK\",\"@id\":\"https:\/\/www.cechova.sk\/#\/schema\/person\/image\/\",\"url\":\"https:\/\/secure.gravatar.com\/avatar\/1cad393d5bb0ac8c9aaca1e510dfd58f4674fbb2973e6c457f426499b52b67b4?s=96&d=mm&r=g\",\"contentUrl\":\"https:\/\/secure.gravatar.com\/avatar\/1cad393d5bb0ac8c9aaca1e510dfd58f4674fbb2973e6c457f426499b52b67b4?s=96&d=mm&r=g\",\"caption\":\"cechova\"}}]}<\/script>\n<!-- \/ Yoast SEO plugin. -->","yoast_head_json":{"title":"Dot\u00e1cia Ministerstva hospod\u00e1rstva na kompenz\u00e1ciu tr\u017eieb pre segment osobitnej pravidelnej dopravy a pr\u00edle\u017eitostnej dopravy - \u010cechov\u00e1 &amp; Partners","description":"Dot\u00e1cia Ministerstva hospod\u00e1rstva na kompenz\u00e1ciu tr\u017eieb pre segment osobitnej pravidelnej dopravy a pr\u00edle\u017eitostnej dopravy. COVID-19 opatrenie.","robots":{"index":"index","follow":"follow","max-snippet":"max-snippet:-1","max-image-preview":"max-image-preview:large","max-video-preview":"max-video-preview:-1"},"canonical":"https:\/\/www.cechova.sk\/sk\/dotacia-ministerstva-hospodarstva-na-kompenzaciu-trzieb-pre-segment-osobitnej-pravidelnej-dopravy-a-prilezitostnej-dopravy\/","og_locale":"sk_SK","og_type":"article","og_title":"Dot\u00e1cia Ministerstva hospod\u00e1rstva na kompenz\u00e1ciu tr\u017eieb pre segment osobitnej pravidelnej dopravy a pr\u00edle\u017eitostnej dopravy - \u010cechov\u00e1 &amp; Partners","og_description":"Dot\u00e1cia Ministerstva hospod\u00e1rstva na kompenz\u00e1ciu tr\u017eieb pre segment osobitnej pravidelnej dopravy a pr\u00edle\u017eitostnej dopravy. COVID-19 opatrenie.","og_url":"https:\/\/www.cechova.sk\/sk\/dotacia-ministerstva-hospodarstva-na-kompenzaciu-trzieb-pre-segment-osobitnej-pravidelnej-dopravy-a-prilezitostnej-dopravy\/","og_site_name":"\u010cechov\u00e1 &amp; Partners","article_published_time":"2020-09-10T16:45:53+00:00","author":"cechova","twitter_card":"summary_large_image","twitter_misc":{"Autor":"cechova","Predpokladan\u00fd \u010das \u010d\u00edtania":"3 min\u00faty"},"schema":{"@context":"https:\/\/schema.org","@graph":[{"@type":"WebPage","@id":"https:\/\/www.cechova.sk\/sk\/dotacia-ministerstva-hospodarstva-na-kompenzaciu-trzieb-pre-segment-osobitnej-pravidelnej-dopravy-a-prilezitostnej-dopravy\/","url":"https:\/\/www.cechova.sk\/sk\/dotacia-ministerstva-hospodarstva-na-kompenzaciu-trzieb-pre-segment-osobitnej-pravidelnej-dopravy-a-prilezitostnej-dopravy\/","name":"Dot\u00e1cia Ministerstva hospod\u00e1rstva na kompenz\u00e1ciu tr\u017eieb pre segment osobitnej pravidelnej dopravy a pr\u00edle\u017eitostnej dopravy - \u010cechov\u00e1 &amp; Partners","isPartOf":{"@id":"https:\/\/www.cechova.sk\/#website"},"datePublished":"2020-09-10T16:45:53+00:00","author":{"@id":"https:\/\/www.cechova.sk\/#\/schema\/person\/0815c9b657126cba96d63fbe4eabd0a8"},"description":"Dot\u00e1cia Ministerstva hospod\u00e1rstva na kompenz\u00e1ciu tr\u017eieb pre segment osobitnej pravidelnej dopravy a pr\u00edle\u017eitostnej dopravy. COVID-19 opatrenie.","breadcrumb":{"@id":"https:\/\/www.cechova.sk\/sk\/dotacia-ministerstva-hospodarstva-na-kompenzaciu-trzieb-pre-segment-osobitnej-pravidelnej-dopravy-a-prilezitostnej-dopravy\/#breadcrumb"},"inLanguage":"sk-SK","potentialAction":[{"@type":"ReadAction","target":["https:\/\/www.cechova.sk\/sk\/dotacia-ministerstva-hospodarstva-na-kompenzaciu-trzieb-pre-segment-osobitnej-pravidelnej-dopravy-a-prilezitostnej-dopravy\/"]}]},{"@type":"BreadcrumbList","@id":"https:\/\/www.cechova.sk\/sk\/dotacia-ministerstva-hospodarstva-na-kompenzaciu-trzieb-pre-segment-osobitnej-pravidelnej-dopravy-a-prilezitostnej-dopravy\/#breadcrumb","itemListElement":[{"@type":"ListItem","position":1,"name":"Home","item":"https:\/\/www.cechova.sk\/sk\/"},{"@type":"ListItem","position":2,"name":"Dot\u00e1cia Ministerstva hospod\u00e1rstva na kompenz\u00e1ciu tr\u017eieb pre segment osobitnej pravidelnej dopravy a pr\u00edle\u017eitostnej dopravy"}]},{"@type":"WebSite","@id":"https:\/\/www.cechova.sk\/#website","url":"https:\/\/www.cechova.sk\/","name":"\u010cechov\u00e1 &amp; Partners","description":"Len \u010fal\u0161ia WordPress str\u00e1nka","potentialAction":[{"@type":"SearchAction","target":{"@type":"EntryPoint","urlTemplate":"https:\/\/www.cechova.sk\/?s={search_term_string}"},"query-input":{"@type":"PropertyValueSpecification","valueRequired":true,"valueName":"search_term_string"}}],"inLanguage":"sk-SK"},{"@type":"Person","@id":"https:\/\/www.cechova.sk\/#\/schema\/person\/0815c9b657126cba96d63fbe4eabd0a8","name":"cechova","image":{"@type":"ImageObject","inLanguage":"sk-SK","@id":"https:\/\/www.cechova.sk\/#\/schema\/person\/image\/","url":"https:\/\/secure.gravatar.com\/avatar\/1cad393d5bb0ac8c9aaca1e510dfd58f4674fbb2973e6c457f426499b52b67b4?s=96&d=mm&r=g","contentUrl":"https:\/\/secure.gravatar.com\/avatar\/1cad393d5bb0ac8c9aaca1e510dfd58f4674fbb2973e6c457f426499b52b67b4?s=96&d=mm&r=g","caption":"cechova"}}]}},"_links":{"self":[{"href":"https:\/\/www.cechova.sk\/sk\/wp-json\/wp\/v2\/posts\/3316\/"}],"collection":[{"href":"https:\/\/www.cechova.sk\/sk\/wp-json\/wp\/v2\/posts\/"}],"about":[{"href":"https:\/\/www.cechova.sk\/sk\/wp-json\/wp\/v2\/types\/post\/"}],"author":[{"embeddable":true,"href":"https:\/\/www.cechova.sk\/sk\/wp-json\/wp\/v2\/users\/2\/"}],"replies":[{"embeddable":true,"href":"https:\/\/www.cechova.sk\/sk\/wp-json\/wp\/v2\/comments\/?post=3316"}],"version-history":[{"count":2,"href":"https:\/\/www.cechova.sk\/sk\/wp-json\/wp\/v2\/posts\/3316\/revisions\/"}],"predecessor-version":[{"id":3320,"href":"https:\/\/www.cechova.sk\/sk\/wp-json\/wp\/v2\/posts\/3316\/revisions\/3320\/"}],"wp:attachment":[{"href":"https:\/\/www.cechova.sk\/sk\/wp-json\/wp\/v2\/media\/?parent=3316"}],"wp:term":[{"taxonomy":"category","embeddable":true,"href":"https:\/\/www.cechova.sk\/sk\/wp-json\/wp\/v2\/categories\/?post=3316"}],"curies":[{"name":"wp","href":"https:\/\/api.w.org\/{rel}","templated":true}]}}