{"id":2950,"date":"2020-04-27T13:40:10","date_gmt":"2020-04-27T11:40:10","guid":{"rendered":"http:\/\/www.cechova.sk\/?p=2950"},"modified":"2020-07-09T13:04:02","modified_gmt":"2020-07-09T11:04:02","slug":"nariadenie-opatreni-hospodarskej-mobilizacie","status":"publish","type":"post","link":"https:\/\/www.cechova.sk\/sk\/nariadenie-opatreni-hospodarskej-mobilizacie\/","title":{"rendered":"Nariadenie opatren\u00ed hospod\u00e1rskej mobiliz\u00e1cie"},"content":{"rendered":"<p><span style=\"font-family: georgia, palatino, serif; font-size: 12pt;\">D\u0148a 10.04.2020 bolo v\u00a0zbierke z\u00e1konov vyhl\u00e1sen\u00e9 Nariadenie Vl\u00e1dy SR na vykonanie niektor\u00fdch opatren\u00ed hospod\u00e1rskej mobiliz\u00e1cie.<\/span><\/p>\n<p><span style=\"font-family: georgia, palatino, serif; font-size: 12pt;\">Nariadenie vl\u00e1dy bolo prijat\u00e9 za \u00fa\u010delom vyhl\u00e1senia konkr\u00e9tnych mimoriadnych regula\u010dn\u00fdch opatren\u00ed a opatren\u00ed pracovnej povinnosti a vecn\u00e9ho plnenia v s\u00favislosti s mimoriadnou situ\u00e1ciou s pand\u00e9miou COVID-19.<\/span><\/p>\n<p><span style=\"font-family: georgia, palatino, serif; font-size: 12pt;\">Odo d\u0148a 7.7.2020 sa ru\u0161ia v\u0161etky opatrenia hospod\u00e1rskej mobiliz\u00e1cie zaveden\u00e9 Nariaden\u00edm vl\u00e1dy.<\/span><\/p>\n<p><span style=\"font-family: georgia, palatino, serif; font-size: 12pt;\">Viac inform\u00e1ci\u00ed n\u00e1jdete v PDF dokumente <a href=\"http:\/\/www.cechova.sk\/wp-content\/uploads\/2020\/04\/Nariadenie-opatren\u00ed-hospod\u00e1rskej-mobiliz\u00e1cie-9.7.2020.pdf\" target=\"_blank\" rel=\"noopener noreferrer\">Nariadenie opatren\u00ed hospod\u00e1rskej mobiliz\u00e1cie<\/a>, ktor\u00fd pre V\u00e1s pripravili na\u0161i kolegovia.<\/span><\/p>\n","protected":false},"excerpt":{"rendered":"<p>D\u0148a 10.04.2020 bolo v\u00a0zbierke z\u00e1konov vyhl\u00e1sen\u00e9 Nariadenie Vl\u00e1dy SR na vykonanie niektor\u00fdch opatren\u00ed hospod\u00e1rskej mobiliz\u00e1cie. Nariadenie vl\u00e1dy bolo prijat\u00e9 za&#8230;<\/p>\n","protected":false},"author":2,"featured_media":0,"comment_status":"open","ping_status":"open","sticky":false,"template":"","format":"standard","meta":{"inline_featured_image":false,"episode_type":"","audio_file":"","cover_image":"","cover_image_id":"","duration":"","filesize":"","date_recorded":"","explicit":"","block":"","itunes_episode_number":"","itunes_title":"","itunes_season_number":"","itunes_episode_type":"","filesize_raw":"","footnotes":""},"categories":["1","2","11","12","20","21","32","33"],"class_list":{"0":"post-2950","1":"post","2":"type-post","3":"status-publish","4":"format-standard","5":"hentry","6":"category-dalsie-publikacie","8":"category-financial-law-news","9":"category-european-community-law-news","10":"category-aktuality","11":"category-pravne-novinky"},"yoast_head":"<!-- This site is optimized with the Yoast SEO plugin v26.0 - https:\/\/yoast.com\/wordpress\/plugins\/seo\/ -->\n<title>Nariadenie opatren\u00ed hospod\u00e1rskej mobiliz\u00e1cie - \u010cechov\u00e1 &amp; Partners<\/title>\n<meta name=\"description\" content=\"Hospod\u00e1rska mobiliz\u00e1cia je \u010fal\u0161\u00edm z Nariaden\u00ed Vl\u00e1dy SR za \u00fa\u010delom ochrany hospod\u00e1rstva a podnikate\u013ek\u00e9ho sektora v d\u00f4sledku kr\u00edzy COVID-19.\" \/>\n<meta name=\"robots\" content=\"index, follow, max-snippet:-1, max-image-preview:large, max-video-preview:-1\" \/>\n<link rel=\"canonical\" href=\"https:\/\/www.cechova.sk\/sk\/regulation-on-economic-mobilization-measures\/\" \/>\n<meta property=\"og:locale\" content=\"sk_SK\" \/>\n<meta property=\"og:type\" content=\"article\" \/>\n<meta property=\"og:title\" content=\"Nariadenie opatren\u00ed hospod\u00e1rskej mobiliz\u00e1cie - \u010cechov\u00e1 &amp; Partners\" \/>\n<meta property=\"og:description\" content=\"Hospod\u00e1rska mobiliz\u00e1cia je \u010fal\u0161\u00edm z Nariaden\u00ed Vl\u00e1dy SR za \u00fa\u010delom ochrany hospod\u00e1rstva a podnikate\u013ek\u00e9ho sektora v d\u00f4sledku kr\u00edzy COVID-19.\" \/>\n<meta property=\"og:url\" content=\"https:\/\/www.cechova.sk\/regulation-on-economic-mobilization-measures\/\" \/>\n<meta property=\"og:site_name\" content=\"\u010cechov\u00e1 &amp; Partners\" \/>\n<meta property=\"article:published_time\" content=\"2020-04-27T11:40:10+00:00\" \/>\n<meta property=\"article:modified_time\" content=\"2020-07-09T11:04:02+00:00\" \/>\n<meta name=\"author\" content=\"cechova\" \/>\n<meta name=\"twitter:card\" content=\"summary_large_image\" \/>\n<meta name=\"twitter:label1\" content=\"Autor\" \/>\n\t<meta name=\"twitter:data1\" content=\"cechova\" \/>\n<script type=\"application\/ld+json\" class=\"yoast-schema-graph\">{\"@context\":\"https:\/\/schema.org\",\"@graph\":[{\"@type\":\"WebPage\",\"@id\":\"https:\/\/www.cechova.sk\/regulation-on-economic-mobilization-measures\/\",\"url\":\"https:\/\/www.cechova.sk\/regulation-on-economic-mobilization-measures\/\",\"name\":\"Nariadenie opatren\u00ed hospod\u00e1rskej mobiliz\u00e1cie - \u010cechov\u00e1 &amp; Partners\",\"isPartOf\":{\"@id\":\"https:\/\/www.cechova.sk\/#website\"},\"datePublished\":\"2020-04-27T11:40:10+00:00\",\"dateModified\":\"2020-07-09T11:04:02+00:00\",\"author\":{\"@id\":\"https:\/\/www.cechova.sk\/#\/schema\/person\/0815c9b657126cba96d63fbe4eabd0a8\"},\"description\":\"Hospod\u00e1rska mobiliz\u00e1cia je \u010fal\u0161\u00edm z Nariaden\u00ed Vl\u00e1dy SR za \u00fa\u010delom ochrany hospod\u00e1rstva a podnikate\u013ek\u00e9ho sektora v d\u00f4sledku kr\u00edzy COVID-19.\",\"breadcrumb\":{\"@id\":\"https:\/\/www.cechova.sk\/regulation-on-economic-mobilization-measures\/#breadcrumb\"},\"inLanguage\":\"sk-SK\",\"potentialAction\":[{\"@type\":\"ReadAction\",\"target\":[\"https:\/\/www.cechova.sk\/regulation-on-economic-mobilization-measures\/\"]}]},{\"@type\":\"BreadcrumbList\",\"@id\":\"https:\/\/www.cechova.sk\/regulation-on-economic-mobilization-measures\/#breadcrumb\",\"itemListElement\":[{\"@type\":\"ListItem\",\"position\":1,\"name\":\"Home\",\"item\":\"https:\/\/www.cechova.sk\/sk\/\"},{\"@type\":\"ListItem\",\"position\":2,\"name\":\"Nariadenie opatren\u00ed hospod\u00e1rskej mobiliz\u00e1cie\"}]},{\"@type\":\"WebSite\",\"@id\":\"https:\/\/www.cechova.sk\/#website\",\"url\":\"https:\/\/www.cechova.sk\/\",\"name\":\"\u010cechov\u00e1 &amp; Partners\",\"description\":\"Len \u010fal\u0161ia WordPress str\u00e1nka\",\"potentialAction\":[{\"@type\":\"SearchAction\",\"target\":{\"@type\":\"EntryPoint\",\"urlTemplate\":\"https:\/\/www.cechova.sk\/?s={search_term_string}\"},\"query-input\":{\"@type\":\"PropertyValueSpecification\",\"valueRequired\":true,\"valueName\":\"search_term_string\"}}],\"inLanguage\":\"sk-SK\"},{\"@type\":\"Person\",\"@id\":\"https:\/\/www.cechova.sk\/#\/schema\/person\/0815c9b657126cba96d63fbe4eabd0a8\",\"name\":\"cechova\",\"image\":{\"@type\":\"ImageObject\",\"inLanguage\":\"sk-SK\",\"@id\":\"https:\/\/www.cechova.sk\/#\/schema\/person\/image\/\",\"url\":\"https:\/\/secure.gravatar.com\/avatar\/1cad393d5bb0ac8c9aaca1e510dfd58f4674fbb2973e6c457f426499b52b67b4?s=96&d=mm&r=g\",\"contentUrl\":\"https:\/\/secure.gravatar.com\/avatar\/1cad393d5bb0ac8c9aaca1e510dfd58f4674fbb2973e6c457f426499b52b67b4?s=96&d=mm&r=g\",\"caption\":\"cechova\"}}]}<\/script>\n<!-- \/ Yoast SEO plugin. -->","yoast_head_json":{"title":"Nariadenie opatren\u00ed hospod\u00e1rskej mobiliz\u00e1cie - \u010cechov\u00e1 &amp; Partners","description":"Hospod\u00e1rska mobiliz\u00e1cia je \u010fal\u0161\u00edm z Nariaden\u00ed Vl\u00e1dy SR za \u00fa\u010delom ochrany hospod\u00e1rstva a podnikate\u013ek\u00e9ho sektora v d\u00f4sledku kr\u00edzy COVID-19.","robots":{"index":"index","follow":"follow","max-snippet":"max-snippet:-1","max-image-preview":"max-image-preview:large","max-video-preview":"max-video-preview:-1"},"canonical":"https:\/\/www.cechova.sk\/sk\/regulation-on-economic-mobilization-measures\/","og_locale":"sk_SK","og_type":"article","og_title":"Nariadenie opatren\u00ed hospod\u00e1rskej mobiliz\u00e1cie - \u010cechov\u00e1 &amp; Partners","og_description":"Hospod\u00e1rska mobiliz\u00e1cia je \u010fal\u0161\u00edm z Nariaden\u00ed Vl\u00e1dy SR za \u00fa\u010delom ochrany hospod\u00e1rstva a podnikate\u013ek\u00e9ho sektora v d\u00f4sledku kr\u00edzy COVID-19.","og_url":"https:\/\/www.cechova.sk\/regulation-on-economic-mobilization-measures\/","og_site_name":"\u010cechov\u00e1 &amp; Partners","article_published_time":"2020-04-27T11:40:10+00:00","article_modified_time":"2020-07-09T11:04:02+00:00","author":"cechova","twitter_card":"summary_large_image","twitter_misc":{"Autor":"cechova"},"schema":{"@context":"https:\/\/schema.org","@graph":[{"@type":"WebPage","@id":"https:\/\/www.cechova.sk\/regulation-on-economic-mobilization-measures\/","url":"https:\/\/www.cechova.sk\/regulation-on-economic-mobilization-measures\/","name":"Nariadenie opatren\u00ed hospod\u00e1rskej mobiliz\u00e1cie - \u010cechov\u00e1 &amp; Partners","isPartOf":{"@id":"https:\/\/www.cechova.sk\/#website"},"datePublished":"2020-04-27T11:40:10+00:00","dateModified":"2020-07-09T11:04:02+00:00","author":{"@id":"https:\/\/www.cechova.sk\/#\/schema\/person\/0815c9b657126cba96d63fbe4eabd0a8"},"description":"Hospod\u00e1rska mobiliz\u00e1cia je \u010fal\u0161\u00edm z Nariaden\u00ed Vl\u00e1dy SR za \u00fa\u010delom ochrany hospod\u00e1rstva a podnikate\u013ek\u00e9ho sektora v d\u00f4sledku kr\u00edzy COVID-19.","breadcrumb":{"@id":"https:\/\/www.cechova.sk\/regulation-on-economic-mobilization-measures\/#breadcrumb"},"inLanguage":"sk-SK","potentialAction":[{"@type":"ReadAction","target":["https:\/\/www.cechova.sk\/regulation-on-economic-mobilization-measures\/"]}]},{"@type":"BreadcrumbList","@id":"https:\/\/www.cechova.sk\/regulation-on-economic-mobilization-measures\/#breadcrumb","itemListElement":[{"@type":"ListItem","position":1,"name":"Home","item":"https:\/\/www.cechova.sk\/sk\/"},{"@type":"ListItem","position":2,"name":"Nariadenie opatren\u00ed hospod\u00e1rskej mobiliz\u00e1cie"}]},{"@type":"WebSite","@id":"https:\/\/www.cechova.sk\/#website","url":"https:\/\/www.cechova.sk\/","name":"\u010cechov\u00e1 &amp; Partners","description":"Len \u010fal\u0161ia WordPress str\u00e1nka","potentialAction":[{"@type":"SearchAction","target":{"@type":"EntryPoint","urlTemplate":"https:\/\/www.cechova.sk\/?s={search_term_string}"},"query-input":{"@type":"PropertyValueSpecification","valueRequired":true,"valueName":"search_term_string"}}],"inLanguage":"sk-SK"},{"@type":"Person","@id":"https:\/\/www.cechova.sk\/#\/schema\/person\/0815c9b657126cba96d63fbe4eabd0a8","name":"cechova","image":{"@type":"ImageObject","inLanguage":"sk-SK","@id":"https:\/\/www.cechova.sk\/#\/schema\/person\/image\/","url":"https:\/\/secure.gravatar.com\/avatar\/1cad393d5bb0ac8c9aaca1e510dfd58f4674fbb2973e6c457f426499b52b67b4?s=96&d=mm&r=g","contentUrl":"https:\/\/secure.gravatar.com\/avatar\/1cad393d5bb0ac8c9aaca1e510dfd58f4674fbb2973e6c457f426499b52b67b4?s=96&d=mm&r=g","caption":"cechova"}}]}},"_links":{"self":[{"href":"https:\/\/www.cechova.sk\/sk\/wp-json\/wp\/v2\/posts\/2950\/"}],"collection":[{"href":"https:\/\/www.cechova.sk\/sk\/wp-json\/wp\/v2\/posts\/"}],"about":[{"href":"https:\/\/www.cechova.sk\/sk\/wp-json\/wp\/v2\/types\/post\/"}],"author":[{"embeddable":true,"href":"https:\/\/www.cechova.sk\/sk\/wp-json\/wp\/v2\/users\/2\/"}],"replies":[{"embeddable":true,"href":"https:\/\/www.cechova.sk\/sk\/wp-json\/wp\/v2\/comments\/?post=2950"}],"version-history":[{"count":6,"href":"https:\/\/www.cechova.sk\/sk\/wp-json\/wp\/v2\/posts\/2950\/revisions\/"}],"predecessor-version":[{"id":3273,"href":"https:\/\/www.cechova.sk\/sk\/wp-json\/wp\/v2\/posts\/2950\/revisions\/3273\/"}],"wp:attachment":[{"href":"https:\/\/www.cechova.sk\/sk\/wp-json\/wp\/v2\/media\/?parent=2950"}],"wp:term":[{"taxonomy":"category","embeddable":true,"href":"https:\/\/www.cechova.sk\/sk\/wp-json\/wp\/v2\/categories\/?post=2950"}],"curies":[{"name":"wp","href":"https:\/\/api.w.org\/{rel}","templated":true}]}}