{"id":2928,"date":"2020-04-30T11:45:32","date_gmt":"2020-04-30T09:45:32","guid":{"rendered":"http:\/\/www.cechova.sk\/?p=2928"},"modified":"2020-05-12T11:26:04","modified_gmt":"2020-05-12T09:26:04","slug":"docasna-ochrana-podnikov-pred-konkurzmi-aktualizacia-23-04-2020","status":"publish","type":"post","link":"https:\/\/www.cechova.sk\/sk\/docasna-ochrana-podnikov-pred-konkurzmi-aktualizacia-23-04-2020\/","title":{"rendered":"Do\u010dasn\u00e1 ochrana podnikov <br> pred konkurzmi"},"content":{"rendered":"<p><span style=\"font-family: georgia, palatino, serif; font-size: 12pt;\">Vl\u00e1da Slovenskej republiky schv\u00e1lila d\u0148a 14.4.2020 n\u00e1vrh z\u00e1kona, ktor\u00fdm sa dop\u013a\u0148a z\u00e1kon \u010d.\u00a062\/2020 Z. z. o niektor\u00fdch mimoriadnych opatreniach v s\u00favislosti so \u0161\u00edren\u00edm nebezpe\u010dnej n\u00e1kazlivej \u013eudskej choroby COVID-19 a v\u00a0just\u00edcii (tzv. Lex Corona). Uveden\u00fa novelu Lex Corona<em> schv\u00e1lila NR SR d\u0148a 22.4.2020 a nadobudla \u00fa\u010dinnos\u0165 d\u0148om vyhl\u00e1senia d\u0148a 25.4.2020, <\/em>av\u0161ak ni\u017e\u0161ie uveden\u00e1 \u00faprava do\u010dasnej ochrany podnikov pred konkurzmi nadobudla \u00fa\u010dinnos\u0165 d\u0148om 12.5.2020. Cie\u013eom navrhovanej \u00fapravy je vytvorenie pr\u00e1vneho r\u00e1mca pre poskytnutie do\u010dasnej ochrany podnikom, ktor\u00e9 sa v\u00a0d\u00f4sledku \u0161\u00edrenia koronav\u00edrusu ocitli vo ve\u013emi v\u00e1\u017enej finan\u010dnej situ\u00e1cii, ktor\u00e1 ohrozuje ich s\u00fa\u010dasn\u00fa alebo bud\u00facu prev\u00e1dzku. Navrhovan\u00e1 \u00faprava m\u00e1 vytvori\u0165 predpoklady pre \u017eivotaschopnos\u0165 a\u00a0riadne prev\u00e1dzkovanie podnikov po z\u00e1niku opatren\u00ed, ktor\u00e9 sp\u00f4sobili utlmenie viacer\u00fdch oblast\u00ed ekonomiky.<\/span><\/p>\n<p><span style=\"font-family: georgia, palatino, serif; font-size: 18pt;\">Predpoklady poskytnutia\u00a0do\u010dasnej ochrany<\/span><\/p>\n<p><span style=\"font-family: georgia, palatino, serif; font-size: 12pt;\">O poskytnutie do\u010dasnej ochrany m\u00f4\u017eu po\u017eiada\u0165 podnikatelia so s\u00eddlom alebo miestom podnikania na \u00fazem\u00ed SR za predpokladu, \u017ee ich opr\u00e1vnenie na podnikanie vzniklo pred 12.3.2020 a k 12.3.2020 neboli v \u00fapadku (t.j. neboli v pred\u013a\u017een\u00ed, ani platobne neschopn\u00ed). Novela Lex Corona z\u00e1rove\u0148 vymedzuje osoby, ktor\u00e9 nie s\u00fa opr\u00e1vnen\u00e9 o do\u010dasn\u00fa ochranu \u017eiada\u0165. Jedn\u00e1 sa napr\u00edklad o banky, pois\u0165ovne, spr\u00e1vcovsk\u00e9 spolo\u010dnosti, \u010di obchodn\u00edkov s cenn\u00fdmi papiermi.<\/span><\/p>\n<p><span style=\"font-family: georgia, palatino, serif; font-size: 12pt;\">Do\u010dasn\u00e1 ochrana sa poskytne na \u00fa\u010del ochrany podnikate\u013ea z d\u00f4vodu zna\u010dn\u00e9ho zv\u00fd\u0161enia po\u010dtu poh\u013ead\u00e1vok po lehote splatnosti alebo zna\u010dn\u00e9ho poklesu tr\u017eieb v porovnan\u00ed s rovnak\u00fdm obdob\u00edm v roku 2019, ak podstatne ohrozuj\u00fa prev\u00e1dzkovanie podniku. Ak \u017eiadate\u013e neprev\u00e1dzkoval v uvedenom obdob\u00ed \u010dinnos\u0165, za porovnate\u013en\u00e9 obdobie sa pova\u017euje mesiac febru\u00e1r 2020. Predpokladom poskytnutia do\u010dasnej ochrany je, \u017ee neexistuj\u00fa d\u00f4vody na zru\u0161enie \u017eiadate\u013ea, nie je vo\u010di nemu vyhl\u00e1sen\u00fd konkurz ani povolen\u00e1 re\u0161trukturaliz\u00e1cia a\u00a0k\u00a012.3.2020 vo\u010di nemu nebolo veden\u00e9 exeku\u010dn\u00e9 konanie pre uspokojenie jeho z\u00e1v\u00e4zkov z podnikate\u013eskej \u010dinnosti, ani v\u00fdkon z\u00e1lo\u017en\u00e9ho pr\u00e1va na jeho podnik, vec, pr\u00e1vo alebo in\u00fa majetkov\u00fa hodnotu patriacu k\u00a0podniku. \u017diadate\u013e mus\u00ed takisto riadne vies\u0165 \u00fa\u010dtovn\u00edctvo, plni\u0165 povinnos\u0165 predkladania \u00fa\u010dtovn\u00fdch z\u00e1vierok a vyhl\u00e1si\u0165, \u017ee v roku 2020 nerozdelil zisk alebo in\u00e9 vlastn\u00e9 zdroje a neurobil ani \u017eiadne in\u00e9 opatrenie ohrozuj\u00face jeho finan\u010dn\u00fa stabilitu, s v\u00fdnimkou opatren\u00ed smeruj\u00facich k predch\u00e1dzaniu alebo zmierneniu n\u00e1sledkov \u0161\u00edrenia koronav\u00edrusu. Ak aj podnikate\u013e po\u010das roka 2020 pou\u017eil zisk na plnenia v prospech spolo\u010dn\u00edkov alebo urobil in\u00e9 \u00fakony ohrozuj\u00face jeho finan\u010dn\u00fa stabilitu, m\u00e1 mo\u017enos\u0165 n\u00e1sledky t\u00fdchto \u00fakonov odstr\u00e1ni\u0165 a n\u00e1sledne po\u017eiada\u0165 o poskytnutie do\u010dasnej ochrany.<\/span><\/p>\n<p><span style=\"font-family: georgia, palatino, serif; font-size: 18pt;\">Konanie o\u00a0poskytnut\u00ed do\u010dasnej ochrany<\/span><\/p>\n<p><span style=\"font-family: georgia, palatino, serif; font-size: 12pt;\">Podnikatelia, ktor\u00ed sa rozhodn\u00fa o\u00a0do\u010dasn\u00fa ochranu po\u017eiada\u0165, s\u00fa povinn\u00ed tak urobi\u0165 prostredn\u00edctvom formul\u00e1ra, ktor\u00fd bude zverejnen\u00fd na str\u00e1nke Ministerstva spravodlivosti SR. \u017diados\u0165 je potrebn\u00e9 zasla\u0165 elektronick\u00fdmi prostriedkami do elektronickej schr\u00e1nky s\u00fadu osobitne stanoven\u00e9ho ako miestne pr\u00edslu\u0161n\u00e9ho pre tento \u00fa\u010del (podnikatelia-fyzick\u00e9 osoby m\u00f4\u017eu doru\u010dova\u0165 i\u00a0po\u0161tou alebo osobne). Ak \u017eiados\u0165 sp\u013a\u0148a predp\u00edsan\u00e9 n\u00e1le\u017eitosti, s\u00fad bezodkladne vyd\u00e1 potvrdenie o poskytnut\u00ed do\u010dasnej ochrany a\u00a0t\u00fato inform\u00e1ciu spolu s\u00a0\u00fadajmi o\u00a0\u017eiadate\u013eovi zverejn\u00ed v\u00a0Obchodnom vestn\u00edku.<\/span><\/p>\n<p><span style=\"font-family: georgia, palatino, serif; font-size: 18pt;\">\u00da\u010dinky do\u010dasnej ochrany<\/span><\/p>\n<p><span style=\"font-family: georgia, palatino, serif; font-size: 12pt;\">\u00da\u010dinky poskytnutia do\u010dasnej ochrany maj\u00fa br\u00e1ni\u0165 potenci\u00e1lnej vlne nov\u00fdch konkurzn\u00fdch konan\u00ed. \u00a0\u00a0\u00da\u010dinky poskytnutia do\u010dasnej ochrany\u00a0s\u00fa predov\u0161etk\u00fdm nasledovn\u00e9:<\/span><\/p>\n<ul>\n<li><span style=\"font-family: georgia, palatino, serif; font-size: 12pt;\">preru\u0161enie konan\u00ed o n\u00e1vrhu verite\u013ea na vyhl\u00e1senie konkurzu na majetok podnikate\u013ea pod do\u010dasnou ochranou podanom po 12.3.2020 alebo po\u010das do\u010dasnej ochrany;<\/span><\/li>\n<li><span style=\"font-family: georgia, palatino, serif; font-size: 12pt;\">po\u010das trvania do\u010dasnej ochrany podnikate\u013e nie je povinn\u00fd poda\u0165 n\u00e1vrh na vyhl\u00e1senie konkurzu na svoj majetok \u2013 to plat\u00ed aj pre osoby, ktor\u00e9 s\u00fa povinn\u00e9 tak urobi\u0165 v jeho mene (t.j. \u010dlenovia \u0161tatut\u00e1rnych org\u00e1nov);<\/span><\/li>\n<li><span style=\"font-family: georgia, palatino, serif; font-size: 12pt;\">preru\u0161enie exeku\u010dn\u00fdch konan\u00ed za\u010dat\u00fdch po 12.3.2020 vo\u010di podnikate\u013eovi pod do\u010dasnou ochranou pre uspokojenie n\u00e1rokov z jeho podnikate\u013eskej \u010dinnosti;<\/span><\/li>\n<li><span style=\"font-family: georgia, palatino, serif; font-size: 12pt;\">nemo\u017enos\u0165 za\u010datia v\u00fdkonu z\u00e1lo\u017en\u00e9ho pr\u00e1va vz\u0165ahuj\u00faceho sa na podnik, vec, pr\u00e1vo alebo in\u00fa majetkov\u00fa hodnotu patriacu k podniku pod do\u010dasnou ochranou;<\/span><\/li>\n<li><span style=\"font-family: georgia, palatino, serif; font-size: 12pt;\">nemo\u017enos\u0165 zapo\u010d\u00edta\u0165 proti poh\u013ead\u00e1vke, ktor\u00e1 podnikate\u013eovi vznikla po poskytnut\u00ed do\u010dasnej ochrany, poh\u013ead\u00e1vku, ktor\u00e1 vznikla vo\u010di podnikate\u013eovi sk\u00f4r \u2013 uveden\u00e9 sa vz\u0165ahuje na poh\u013ead\u00e1vky, ktor\u00e9 patria alebo patrili osobe spriaznenej s podnikate\u013eom;<\/span><\/li>\n<li><span style=\"font-family: georgia, palatino, serif; font-size: 12pt;\">nemo\u017enos\u0165 podnikate\u013eovi pod do\u010dasnou ochranou jednostranne (i) vypoveda\u0165 zmluvu, alebo (ii) od nej odst\u00fapi\u0165, alebo (iii) odoprie\u0165 plnenie pre ome\u0161kanie podnikate\u013ea s plnen\u00edm, ak vzniklo v \u010dase od 12. marca 2020 do\u00a0 12.5.2020 a jeho pr\u00ed\u010dinou boli n\u00e1sledky \u0161\u00edrenia koronav\u00edrusu; neplat\u00ed to v\u0161ak vtedy, ak by druh\u00e1 zmluvn\u00e1 strana bezprostredne ohrozila prev\u00e1dzkovanie svojho podniku;<\/span><\/li>\n<li><span style=\"font-family: georgia, palatino, serif; font-size: 12pt;\">preru\u0161enie plynutia leh\u00f4t na uplatnenie pr\u00e1va vo\u010di podnikate\u013eovi pod do\u010dasnou ochranou (vr\u00e1tane leh\u00f4t na uplatnenie n\u00e1rokov z odporovate\u013en\u00fdch pr\u00e1vnych \u00fakonov);<\/span><\/li>\n<li><span style=\"font-family: georgia, palatino, serif; font-size: 12pt;\">mo\u017enos\u0165 prednostne uhr\u00e1dza\u0165 \u201enov\u0161\u00ed dlh\u201c bezprostredne s\u00favisiaci so zachovan\u00edm prev\u00e1dzky podniku pred \u201estar\u0161\u00edm dlhom\u201c;<\/span><\/li>\n<li><span style=\"font-family: georgia, palatino, serif; font-size: 12pt;\">nepou\u017eitie ustanoven\u00ed Obchodn\u00e9ho z\u00e1konn\u00edka o kr\u00edze a ani konkurzn\u00e9ho pr\u00e1va o podriadenosti uspokojenia pre \u00favery a obdobn\u00e9 plnenia, ktor\u00e9 \u00faveru hospod\u00e1rsky zodpovedaj\u00fa, poskytnut\u00e9 bezhotovostne spriaznenou osobou po\u010das trvania do\u010dasnej ochrany a bezprostredne s\u00favisiace so zachovan\u00edm prev\u00e1dzky podniku; na ich zabezpe\u010denie sa v\u0161ak v pr\u00edpadnom konkurze neprihliadne;<\/span><\/li>\n<li><span style=\"font-family: georgia, palatino, serif; font-size: 12pt;\">do skon\u010denia do\u010dasnej ochrany nie je pr\u00edpustn\u00e9 \u017eiadne rozde\u013eovanie zisku alebo in\u00fdch vlastn\u00fdch zdrojov, ani \u017eiadne podstatn\u00e9 nakladanie s majetkom podnikate\u013ea; podnikate\u013e pod do\u010dasnou ochranou je od podania \u017eiadosti povinn\u00fd vynalo\u017ei\u0165 \u00faprimn\u00fa snahu uspokoji\u0165 verite\u013eov a uprednostni\u0165 ich z\u00e1ujmy pred vlastn\u00fdmi z\u00e1ujmami; v\u00a0pr\u00edpade vyhl\u00e1senia konkurzu na majetok podnikate\u013ea, ktor\u00fd bol pod do\u010dasnou ochranou, je pr\u00e1vny \u00fakon, ktor\u00fd bol uroben\u00fd v rozpore s\u00a0uveden\u00fdm, ne\u00fa\u010dinn\u00fd vo\u010di verite\u013eom.<\/span><\/li>\n<\/ul>\n<p><span style=\"font-family: georgia, palatino, serif; font-size: 18pt;\">Z\u00e1nik do\u010dasnej ochrany<\/span><\/p>\n<p><span style=\"font-family: georgia, palatino, serif; font-size: 12pt;\">Do\u010dasn\u00e1 ochrana m\u00e1 pre v\u0161etk\u00fdch podnikate\u013eov v z\u00e1sade \u010dasovo obmedzen\u00e9 p\u00f4sobenie a bez oh\u013eadu na jej za\u010diatok\u00a0zanikne 1.10.2020. O pred\u013a\u017een\u00ed trvania do\u010dasnej ochrany, najdlh\u0161ie v\u0161ak len do 31.12.2020, m\u00f4\u017ee rozhodn\u00fa\u0165 vl\u00e1da nariaden\u00edm vyhl\u00e1sen\u00fdm v\u00a0Zbierke z\u00e1konov. Podnikate\u013e sa do\u010dasnej ochrany m\u00f4\u017ee vzda\u0165, t. j. po\u017eiada\u0165 s\u00e1m o jej zru\u0161enie, av\u0161ak do \u00favahy prich\u00e1dza aj mo\u017enos\u0165, \u017ee ju s\u00fad zru\u0161\u00ed, ak zist\u00ed, \u017ee neboli dan\u00e9 podmienky na jej poskytnutie alebo nie s\u00fa dan\u00e9 podmienky na jej trvanie. <strong>Kvalifikovan\u00fd podnet na zru\u0161enie do\u010dasnej ochrany m\u00f4\u017ee poda\u0165 ktoko\u013evek. <\/strong><\/span><\/p>\n<p style=\"text-align: center;\"><span style=\"font-family: georgia, palatino, serif; font-size: 12pt;\">***<\/span><\/p>\n","protected":false},"excerpt":{"rendered":"<p>Vl\u00e1da Slovenskej republiky schv\u00e1lila d\u0148a 14.4.2020 n\u00e1vrh z\u00e1kona, ktor\u00fdm sa dop\u013a\u0148a z\u00e1kon \u010d.\u00a062\/2020 Z. z. o niektor\u00fdch mimoriadnych opatreniach v&#8230;<\/p>\n","protected":false},"author":2,"featured_media":0,"comment_status":"open","ping_status":"open","sticky":false,"template":"","format":"standard","meta":{"inline_featured_image":false,"episode_type":"","audio_file":"","cover_image":"","cover_image_id":"","duration":"","filesize":"","date_recorded":"","explicit":"","block":"","itunes_episode_number":"","itunes_title":"","itunes_season_number":"","itunes_episode_type":"","filesize_raw":"","footnotes":""},"categories":["1","2","11","12","20","21","32","33"],"class_list":{"0":"post-2928","1":"post","2":"type-post","3":"status-publish","4":"format-standard","5":"hentry","6":"category-dalsie-publikacie","8":"category-financial-law-news","9":"category-european-community-law-news","10":"category-aktuality","11":"category-pravne-novinky"},"yoast_head":"<!-- This site is optimized with the Yoast SEO plugin v26.0 - https:\/\/yoast.com\/wordpress\/plugins\/seo\/ -->\n<title>Do\u010dasn\u00e1 ochrana podnikov  pred konkurzmi - \u010cechov\u00e1 &amp; Partners<\/title>\n<meta name=\"description\" content=\"Do\u010dasn\u00e1 ochrana podnikov pred konkurzmi po\u010das trvania epid\u00e9mie COVID-19. Aktualiz\u00e1cia ku d\u0148u 23.04.2020,\" \/>\n<meta name=\"robots\" content=\"index, follow, max-snippet:-1, max-image-preview:large, max-video-preview:-1\" \/>\n<link rel=\"canonical\" href=\"https:\/\/www.cechova.sk\/sk\/docasna-ochrana-podnikov-pred-konkurzmi-aktualizacia-23-04-2020\/\" \/>\n<meta property=\"og:locale\" content=\"sk_SK\" \/>\n<meta property=\"og:type\" content=\"article\" \/>\n<meta property=\"og:title\" content=\"Do\u010dasn\u00e1 ochrana podnikov  pred konkurzmi - \u010cechov\u00e1 &amp; Partners\" \/>\n<meta property=\"og:description\" content=\"Do\u010dasn\u00e1 ochrana podnikov pred konkurzmi po\u010das trvania epid\u00e9mie COVID-19. Aktualiz\u00e1cia ku d\u0148u 23.04.2020,\" \/>\n<meta property=\"og:url\" content=\"https:\/\/www.cechova.sk\/sk\/docasna-ochrana-podnikov-pred-konkurzmi-aktualizacia-23-04-2020\/\" \/>\n<meta property=\"og:site_name\" content=\"\u010cechov\u00e1 &amp; Partners\" \/>\n<meta property=\"article:published_time\" content=\"2020-04-30T09:45:32+00:00\" \/>\n<meta property=\"article:modified_time\" content=\"2020-05-12T09:26:04+00:00\" \/>\n<meta name=\"author\" content=\"cechova\" \/>\n<meta name=\"twitter:card\" content=\"summary_large_image\" \/>\n<meta name=\"twitter:label1\" content=\"Autor\" \/>\n\t<meta name=\"twitter:data1\" content=\"cechova\" \/>\n\t<meta name=\"twitter:label2\" content=\"Predpokladan\u00fd \u010das \u010d\u00edtania\" \/>\n\t<meta name=\"twitter:data2\" content=\"6 min\u00faty\" \/>\n<script type=\"application\/ld+json\" class=\"yoast-schema-graph\">{\"@context\":\"https:\/\/schema.org\",\"@graph\":[{\"@type\":\"WebPage\",\"@id\":\"https:\/\/www.cechova.sk\/sk\/docasna-ochrana-podnikov-pred-konkurzmi-aktualizacia-23-04-2020\/\",\"url\":\"https:\/\/www.cechova.sk\/sk\/docasna-ochrana-podnikov-pred-konkurzmi-aktualizacia-23-04-2020\/\",\"name\":\"Do\u010dasn\u00e1 ochrana podnikov pred konkurzmi - \u010cechov\u00e1 &amp; Partners\",\"isPartOf\":{\"@id\":\"https:\/\/www.cechova.sk\/#website\"},\"datePublished\":\"2020-04-30T09:45:32+00:00\",\"dateModified\":\"2020-05-12T09:26:04+00:00\",\"author\":{\"@id\":\"https:\/\/www.cechova.sk\/#\/schema\/person\/0815c9b657126cba96d63fbe4eabd0a8\"},\"description\":\"Do\u010dasn\u00e1 ochrana podnikov pred konkurzmi po\u010das trvania epid\u00e9mie COVID-19. Aktualiz\u00e1cia ku d\u0148u 23.04.2020,\",\"breadcrumb\":{\"@id\":\"https:\/\/www.cechova.sk\/sk\/docasna-ochrana-podnikov-pred-konkurzmi-aktualizacia-23-04-2020\/#breadcrumb\"},\"inLanguage\":\"sk-SK\",\"potentialAction\":[{\"@type\":\"ReadAction\",\"target\":[\"https:\/\/www.cechova.sk\/sk\/docasna-ochrana-podnikov-pred-konkurzmi-aktualizacia-23-04-2020\/\"]}]},{\"@type\":\"BreadcrumbList\",\"@id\":\"https:\/\/www.cechova.sk\/sk\/docasna-ochrana-podnikov-pred-konkurzmi-aktualizacia-23-04-2020\/#breadcrumb\",\"itemListElement\":[{\"@type\":\"ListItem\",\"position\":1,\"name\":\"Home\",\"item\":\"https:\/\/www.cechova.sk\/sk\/\"},{\"@type\":\"ListItem\",\"position\":2,\"name\":\"Do\u010dasn\u00e1 ochrana podnikov pred konkurzmi\"}]},{\"@type\":\"WebSite\",\"@id\":\"https:\/\/www.cechova.sk\/#website\",\"url\":\"https:\/\/www.cechova.sk\/\",\"name\":\"\u010cechov\u00e1 &amp; Partners\",\"description\":\"Len \u010fal\u0161ia WordPress str\u00e1nka\",\"potentialAction\":[{\"@type\":\"SearchAction\",\"target\":{\"@type\":\"EntryPoint\",\"urlTemplate\":\"https:\/\/www.cechova.sk\/?s={search_term_string}\"},\"query-input\":{\"@type\":\"PropertyValueSpecification\",\"valueRequired\":true,\"valueName\":\"search_term_string\"}}],\"inLanguage\":\"sk-SK\"},{\"@type\":\"Person\",\"@id\":\"https:\/\/www.cechova.sk\/#\/schema\/person\/0815c9b657126cba96d63fbe4eabd0a8\",\"name\":\"cechova\",\"image\":{\"@type\":\"ImageObject\",\"inLanguage\":\"sk-SK\",\"@id\":\"https:\/\/www.cechova.sk\/#\/schema\/person\/image\/\",\"url\":\"https:\/\/secure.gravatar.com\/avatar\/1cad393d5bb0ac8c9aaca1e510dfd58f4674fbb2973e6c457f426499b52b67b4?s=96&d=mm&r=g\",\"contentUrl\":\"https:\/\/secure.gravatar.com\/avatar\/1cad393d5bb0ac8c9aaca1e510dfd58f4674fbb2973e6c457f426499b52b67b4?s=96&d=mm&r=g\",\"caption\":\"cechova\"}}]}<\/script>\n<!-- \/ Yoast SEO plugin. -->","yoast_head_json":{"title":"Do\u010dasn\u00e1 ochrana podnikov  pred konkurzmi - \u010cechov\u00e1 &amp; Partners","description":"Do\u010dasn\u00e1 ochrana podnikov pred konkurzmi po\u010das trvania epid\u00e9mie COVID-19. Aktualiz\u00e1cia ku d\u0148u 23.04.2020,","robots":{"index":"index","follow":"follow","max-snippet":"max-snippet:-1","max-image-preview":"max-image-preview:large","max-video-preview":"max-video-preview:-1"},"canonical":"https:\/\/www.cechova.sk\/sk\/docasna-ochrana-podnikov-pred-konkurzmi-aktualizacia-23-04-2020\/","og_locale":"sk_SK","og_type":"article","og_title":"Do\u010dasn\u00e1 ochrana podnikov  pred konkurzmi - \u010cechov\u00e1 &amp; Partners","og_description":"Do\u010dasn\u00e1 ochrana podnikov pred konkurzmi po\u010das trvania epid\u00e9mie COVID-19. Aktualiz\u00e1cia ku d\u0148u 23.04.2020,","og_url":"https:\/\/www.cechova.sk\/sk\/docasna-ochrana-podnikov-pred-konkurzmi-aktualizacia-23-04-2020\/","og_site_name":"\u010cechov\u00e1 &amp; Partners","article_published_time":"2020-04-30T09:45:32+00:00","article_modified_time":"2020-05-12T09:26:04+00:00","author":"cechova","twitter_card":"summary_large_image","twitter_misc":{"Autor":"cechova","Predpokladan\u00fd \u010das \u010d\u00edtania":"6 min\u00faty"},"schema":{"@context":"https:\/\/schema.org","@graph":[{"@type":"WebPage","@id":"https:\/\/www.cechova.sk\/sk\/docasna-ochrana-podnikov-pred-konkurzmi-aktualizacia-23-04-2020\/","url":"https:\/\/www.cechova.sk\/sk\/docasna-ochrana-podnikov-pred-konkurzmi-aktualizacia-23-04-2020\/","name":"Do\u010dasn\u00e1 ochrana podnikov pred konkurzmi - \u010cechov\u00e1 &amp; Partners","isPartOf":{"@id":"https:\/\/www.cechova.sk\/#website"},"datePublished":"2020-04-30T09:45:32+00:00","dateModified":"2020-05-12T09:26:04+00:00","author":{"@id":"https:\/\/www.cechova.sk\/#\/schema\/person\/0815c9b657126cba96d63fbe4eabd0a8"},"description":"Do\u010dasn\u00e1 ochrana podnikov pred konkurzmi po\u010das trvania epid\u00e9mie COVID-19. Aktualiz\u00e1cia ku d\u0148u 23.04.2020,","breadcrumb":{"@id":"https:\/\/www.cechova.sk\/sk\/docasna-ochrana-podnikov-pred-konkurzmi-aktualizacia-23-04-2020\/#breadcrumb"},"inLanguage":"sk-SK","potentialAction":[{"@type":"ReadAction","target":["https:\/\/www.cechova.sk\/sk\/docasna-ochrana-podnikov-pred-konkurzmi-aktualizacia-23-04-2020\/"]}]},{"@type":"BreadcrumbList","@id":"https:\/\/www.cechova.sk\/sk\/docasna-ochrana-podnikov-pred-konkurzmi-aktualizacia-23-04-2020\/#breadcrumb","itemListElement":[{"@type":"ListItem","position":1,"name":"Home","item":"https:\/\/www.cechova.sk\/sk\/"},{"@type":"ListItem","position":2,"name":"Do\u010dasn\u00e1 ochrana podnikov pred konkurzmi"}]},{"@type":"WebSite","@id":"https:\/\/www.cechova.sk\/#website","url":"https:\/\/www.cechova.sk\/","name":"\u010cechov\u00e1 &amp; Partners","description":"Len \u010fal\u0161ia WordPress str\u00e1nka","potentialAction":[{"@type":"SearchAction","target":{"@type":"EntryPoint","urlTemplate":"https:\/\/www.cechova.sk\/?s={search_term_string}"},"query-input":{"@type":"PropertyValueSpecification","valueRequired":true,"valueName":"search_term_string"}}],"inLanguage":"sk-SK"},{"@type":"Person","@id":"https:\/\/www.cechova.sk\/#\/schema\/person\/0815c9b657126cba96d63fbe4eabd0a8","name":"cechova","image":{"@type":"ImageObject","inLanguage":"sk-SK","@id":"https:\/\/www.cechova.sk\/#\/schema\/person\/image\/","url":"https:\/\/secure.gravatar.com\/avatar\/1cad393d5bb0ac8c9aaca1e510dfd58f4674fbb2973e6c457f426499b52b67b4?s=96&d=mm&r=g","contentUrl":"https:\/\/secure.gravatar.com\/avatar\/1cad393d5bb0ac8c9aaca1e510dfd58f4674fbb2973e6c457f426499b52b67b4?s=96&d=mm&r=g","caption":"cechova"}}]}},"_links":{"self":[{"href":"https:\/\/www.cechova.sk\/sk\/wp-json\/wp\/v2\/posts\/2928\/"}],"collection":[{"href":"https:\/\/www.cechova.sk\/sk\/wp-json\/wp\/v2\/posts\/"}],"about":[{"href":"https:\/\/www.cechova.sk\/sk\/wp-json\/wp\/v2\/types\/post\/"}],"author":[{"embeddable":true,"href":"https:\/\/www.cechova.sk\/sk\/wp-json\/wp\/v2\/users\/2\/"}],"replies":[{"embeddable":true,"href":"https:\/\/www.cechova.sk\/sk\/wp-json\/wp\/v2\/comments\/?post=2928"}],"version-history":[{"count":7,"href":"https:\/\/www.cechova.sk\/sk\/wp-json\/wp\/v2\/posts\/2928\/revisions\/"}],"predecessor-version":[{"id":3038,"href":"https:\/\/www.cechova.sk\/sk\/wp-json\/wp\/v2\/posts\/2928\/revisions\/3038\/"}],"wp:attachment":[{"href":"https:\/\/www.cechova.sk\/sk\/wp-json\/wp\/v2\/media\/?parent=2928"}],"wp:term":[{"taxonomy":"category","embeddable":true,"href":"https:\/\/www.cechova.sk\/sk\/wp-json\/wp\/v2\/categories\/?post=2928"}],"curies":[{"name":"wp","href":"https:\/\/api.w.org\/{rel}","templated":true}]}}