{"id":2741,"date":"2020-03-29T15:17:58","date_gmt":"2020-03-29T13:17:58","guid":{"rendered":"http:\/\/www.cechova.sk\/?p=2741"},"modified":"2020-03-29T15:19:55","modified_gmt":"2020-03-29T13:19:55","slug":"nove-ekonomicke-opatrenia","status":"publish","type":"post","link":"https:\/\/www.cechova.sk\/sk\/nove-ekonomicke-opatrenia\/","title":{"rendered":"Nov\u00e9 ekonomick\u00e9 opatrenia"},"content":{"rendered":"<p>Na tla\u010dovej konferencii 29.3.2020 predstavitelia vl\u00e1dy SR predstavili prv\u00fa \u201ev\u00e1rku\u201c ekonomick\u00fdch opatren\u00ed, ktor\u00fdch \u00fa\u010delom m\u00e1 by\u0165 pomoc spolo\u010dnostiam, SZ\u010cO a zamestnancom. Paragrafov\u00e9 znenie ani podrobnosti t\u00fdchto opatren\u00ed e\u0161te nie s\u00fa dostupn\u00e9. O\u010dak\u00e1vame, \u017ee podrobnosti (a pr\u00edpadne paragrafov\u00e9 znenie) bud\u00fa zverejnen\u00e9 najbli\u017e\u0161ie dni. Zatia\u013e s\u00fa inform\u00e1cie ofici\u00e1lne dostupn\u00e9 iba v takejto forme:<\/p>\n<p><a href=\"https:\/\/www.mhsr.sk\/koronavirus\/korona-ekonomicke-opatrenia\">https:\/\/www.mhsr.sk\/koronavirus\/korona-ekonomicke-opatrenia<\/a><\/p>\n","protected":false},"excerpt":{"rendered":"<p>Na tla\u010dovej konferencii 29.3.2020 predstavitelia vl\u00e1dy SR predstavili prv\u00fa \u201ev\u00e1rku\u201c ekonomick\u00fdch opatren\u00ed, ktor\u00fdch \u00fa\u010delom m\u00e1 by\u0165 pomoc spolo\u010dnostiam, SZ\u010cO a&#8230;<\/p>\n","protected":false},"author":2,"featured_media":0,"comment_status":"open","ping_status":"open","sticky":false,"template":"","format":"standard","meta":{"inline_featured_image":false,"episode_type":"","audio_file":"","cover_image":"","cover_image_id":"","duration":"","filesize":"","date_recorded":"","explicit":"","block":"","itunes_episode_number":"","itunes_title":"","itunes_season_number":"","itunes_episode_type":"","filesize_raw":"","footnotes":""},"categories":["1","2","11","12","20","21","32","33"],"class_list":{"0":"post-2741","1":"post","2":"type-post","3":"status-publish","4":"format-standard","5":"hentry","6":"category-dalsie-publikacie","8":"category-financial-law-news","9":"category-european-community-law-news","10":"category-aktuality","11":"category-pravne-novinky"},"yoast_head":"<!-- This site is optimized with the Yoast SEO plugin v26.0 - https:\/\/yoast.com\/wordpress\/plugins\/seo\/ -->\n<title>Nov\u00e9 ekonomick\u00e9 opatrenia - \u010cechov\u00e1 &amp; Partners<\/title>\n<meta name=\"robots\" content=\"index, follow, max-snippet:-1, max-image-preview:large, max-video-preview:-1\" \/>\n<link rel=\"canonical\" href=\"https:\/\/www.cechova.sk\/sk\/nove-ekonomicke-opatrenia\/\" \/>\n<meta property=\"og:locale\" content=\"sk_SK\" \/>\n<meta property=\"og:type\" content=\"article\" \/>\n<meta property=\"og:title\" content=\"Nov\u00e9 ekonomick\u00e9 opatrenia - \u010cechov\u00e1 &amp; Partners\" \/>\n<meta property=\"og:description\" content=\"Na tla\u010dovej konferencii 29.3.2020 predstavitelia vl\u00e1dy SR predstavili prv\u00fa \u201ev\u00e1rku\u201c ekonomick\u00fdch opatren\u00ed, ktor\u00fdch \u00fa\u010delom m\u00e1 by\u0165 pomoc spolo\u010dnostiam, SZ\u010cO a...\" \/>\n<meta property=\"og:url\" content=\"https:\/\/www.cechova.sk\/sk\/nove-ekonomicke-opatrenia\/\" \/>\n<meta property=\"og:site_name\" content=\"\u010cechov\u00e1 &amp; Partners\" \/>\n<meta property=\"article:published_time\" content=\"2020-03-29T13:17:58+00:00\" \/>\n<meta property=\"article:modified_time\" content=\"2020-03-29T13:19:55+00:00\" \/>\n<meta name=\"author\" content=\"cechova\" \/>\n<meta name=\"twitter:card\" content=\"summary_large_image\" \/>\n<meta name=\"twitter:label1\" content=\"Autor\" \/>\n\t<meta name=\"twitter:data1\" content=\"cechova\" \/>\n<script type=\"application\/ld+json\" class=\"yoast-schema-graph\">{\"@context\":\"https:\/\/schema.org\",\"@graph\":[{\"@type\":\"WebPage\",\"@id\":\"https:\/\/www.cechova.sk\/sk\/nove-ekonomicke-opatrenia\/\",\"url\":\"https:\/\/www.cechova.sk\/sk\/nove-ekonomicke-opatrenia\/\",\"name\":\"Nov\u00e9 ekonomick\u00e9 opatrenia - \u010cechov\u00e1 &amp; Partners\",\"isPartOf\":{\"@id\":\"https:\/\/www.cechova.sk\/#website\"},\"datePublished\":\"2020-03-29T13:17:58+00:00\",\"dateModified\":\"2020-03-29T13:19:55+00:00\",\"author\":{\"@id\":\"https:\/\/www.cechova.sk\/#\/schema\/person\/0815c9b657126cba96d63fbe4eabd0a8\"},\"breadcrumb\":{\"@id\":\"https:\/\/www.cechova.sk\/sk\/nove-ekonomicke-opatrenia\/#breadcrumb\"},\"inLanguage\":\"sk-SK\",\"potentialAction\":[{\"@type\":\"ReadAction\",\"target\":[\"https:\/\/www.cechova.sk\/sk\/nove-ekonomicke-opatrenia\/\"]}]},{\"@type\":\"BreadcrumbList\",\"@id\":\"https:\/\/www.cechova.sk\/sk\/nove-ekonomicke-opatrenia\/#breadcrumb\",\"itemListElement\":[{\"@type\":\"ListItem\",\"position\":1,\"name\":\"Home\",\"item\":\"https:\/\/www.cechova.sk\/sk\/\"},{\"@type\":\"ListItem\",\"position\":2,\"name\":\"Nov\u00e9 ekonomick\u00e9 opatrenia\"}]},{\"@type\":\"WebSite\",\"@id\":\"https:\/\/www.cechova.sk\/#website\",\"url\":\"https:\/\/www.cechova.sk\/\",\"name\":\"\u010cechov\u00e1 &amp; Partners\",\"description\":\"Len \u010fal\u0161ia WordPress str\u00e1nka\",\"potentialAction\":[{\"@type\":\"SearchAction\",\"target\":{\"@type\":\"EntryPoint\",\"urlTemplate\":\"https:\/\/www.cechova.sk\/?s={search_term_string}\"},\"query-input\":{\"@type\":\"PropertyValueSpecification\",\"valueRequired\":true,\"valueName\":\"search_term_string\"}}],\"inLanguage\":\"sk-SK\"},{\"@type\":\"Person\",\"@id\":\"https:\/\/www.cechova.sk\/#\/schema\/person\/0815c9b657126cba96d63fbe4eabd0a8\",\"name\":\"cechova\",\"image\":{\"@type\":\"ImageObject\",\"inLanguage\":\"sk-SK\",\"@id\":\"https:\/\/www.cechova.sk\/#\/schema\/person\/image\/\",\"url\":\"https:\/\/secure.gravatar.com\/avatar\/1cad393d5bb0ac8c9aaca1e510dfd58f4674fbb2973e6c457f426499b52b67b4?s=96&d=mm&r=g\",\"contentUrl\":\"https:\/\/secure.gravatar.com\/avatar\/1cad393d5bb0ac8c9aaca1e510dfd58f4674fbb2973e6c457f426499b52b67b4?s=96&d=mm&r=g\",\"caption\":\"cechova\"}}]}<\/script>\n<!-- \/ Yoast SEO plugin. -->","yoast_head_json":{"title":"Nov\u00e9 ekonomick\u00e9 opatrenia - \u010cechov\u00e1 &amp; Partners","robots":{"index":"index","follow":"follow","max-snippet":"max-snippet:-1","max-image-preview":"max-image-preview:large","max-video-preview":"max-video-preview:-1"},"canonical":"https:\/\/www.cechova.sk\/sk\/nove-ekonomicke-opatrenia\/","og_locale":"sk_SK","og_type":"article","og_title":"Nov\u00e9 ekonomick\u00e9 opatrenia - \u010cechov\u00e1 &amp; Partners","og_description":"Na tla\u010dovej konferencii 29.3.2020 predstavitelia vl\u00e1dy SR predstavili prv\u00fa \u201ev\u00e1rku\u201c ekonomick\u00fdch opatren\u00ed, ktor\u00fdch \u00fa\u010delom m\u00e1 by\u0165 pomoc spolo\u010dnostiam, SZ\u010cO a...","og_url":"https:\/\/www.cechova.sk\/sk\/nove-ekonomicke-opatrenia\/","og_site_name":"\u010cechov\u00e1 &amp; Partners","article_published_time":"2020-03-29T13:17:58+00:00","article_modified_time":"2020-03-29T13:19:55+00:00","author":"cechova","twitter_card":"summary_large_image","twitter_misc":{"Autor":"cechova"},"schema":{"@context":"https:\/\/schema.org","@graph":[{"@type":"WebPage","@id":"https:\/\/www.cechova.sk\/sk\/nove-ekonomicke-opatrenia\/","url":"https:\/\/www.cechova.sk\/sk\/nove-ekonomicke-opatrenia\/","name":"Nov\u00e9 ekonomick\u00e9 opatrenia - \u010cechov\u00e1 &amp; Partners","isPartOf":{"@id":"https:\/\/www.cechova.sk\/#website"},"datePublished":"2020-03-29T13:17:58+00:00","dateModified":"2020-03-29T13:19:55+00:00","author":{"@id":"https:\/\/www.cechova.sk\/#\/schema\/person\/0815c9b657126cba96d63fbe4eabd0a8"},"breadcrumb":{"@id":"https:\/\/www.cechova.sk\/sk\/nove-ekonomicke-opatrenia\/#breadcrumb"},"inLanguage":"sk-SK","potentialAction":[{"@type":"ReadAction","target":["https:\/\/www.cechova.sk\/sk\/nove-ekonomicke-opatrenia\/"]}]},{"@type":"BreadcrumbList","@id":"https:\/\/www.cechova.sk\/sk\/nove-ekonomicke-opatrenia\/#breadcrumb","itemListElement":[{"@type":"ListItem","position":1,"name":"Home","item":"https:\/\/www.cechova.sk\/sk\/"},{"@type":"ListItem","position":2,"name":"Nov\u00e9 ekonomick\u00e9 opatrenia"}]},{"@type":"WebSite","@id":"https:\/\/www.cechova.sk\/#website","url":"https:\/\/www.cechova.sk\/","name":"\u010cechov\u00e1 &amp; Partners","description":"Len \u010fal\u0161ia WordPress str\u00e1nka","potentialAction":[{"@type":"SearchAction","target":{"@type":"EntryPoint","urlTemplate":"https:\/\/www.cechova.sk\/?s={search_term_string}"},"query-input":{"@type":"PropertyValueSpecification","valueRequired":true,"valueName":"search_term_string"}}],"inLanguage":"sk-SK"},{"@type":"Person","@id":"https:\/\/www.cechova.sk\/#\/schema\/person\/0815c9b657126cba96d63fbe4eabd0a8","name":"cechova","image":{"@type":"ImageObject","inLanguage":"sk-SK","@id":"https:\/\/www.cechova.sk\/#\/schema\/person\/image\/","url":"https:\/\/secure.gravatar.com\/avatar\/1cad393d5bb0ac8c9aaca1e510dfd58f4674fbb2973e6c457f426499b52b67b4?s=96&d=mm&r=g","contentUrl":"https:\/\/secure.gravatar.com\/avatar\/1cad393d5bb0ac8c9aaca1e510dfd58f4674fbb2973e6c457f426499b52b67b4?s=96&d=mm&r=g","caption":"cechova"}}]}},"_links":{"self":[{"href":"https:\/\/www.cechova.sk\/sk\/wp-json\/wp\/v2\/posts\/2741\/"}],"collection":[{"href":"https:\/\/www.cechova.sk\/sk\/wp-json\/wp\/v2\/posts\/"}],"about":[{"href":"https:\/\/www.cechova.sk\/sk\/wp-json\/wp\/v2\/types\/post\/"}],"author":[{"embeddable":true,"href":"https:\/\/www.cechova.sk\/sk\/wp-json\/wp\/v2\/users\/2\/"}],"replies":[{"embeddable":true,"href":"https:\/\/www.cechova.sk\/sk\/wp-json\/wp\/v2\/comments\/?post=2741"}],"version-history":[{"count":4,"href":"https:\/\/www.cechova.sk\/sk\/wp-json\/wp\/v2\/posts\/2741\/revisions\/"}],"predecessor-version":[{"id":2745,"href":"https:\/\/www.cechova.sk\/sk\/wp-json\/wp\/v2\/posts\/2741\/revisions\/2745\/"}],"wp:attachment":[{"href":"https:\/\/www.cechova.sk\/sk\/wp-json\/wp\/v2\/media\/?parent=2741"}],"wp:term":[{"taxonomy":"category","embeddable":true,"href":"https:\/\/www.cechova.sk\/sk\/wp-json\/wp\/v2\/categories\/?post=2741"}],"curies":[{"name":"wp","href":"https:\/\/api.w.org\/{rel}","templated":true}]}}