{"id":2694,"date":"2020-03-22T18:37:07","date_gmt":"2020-03-22T17:37:07","guid":{"rendered":"http:\/\/www.cechova.sk\/?p=2694"},"modified":"2020-03-24T20:10:31","modified_gmt":"2020-03-24T19:10:31","slug":"covid19-otazky-a-opatrenia-v-pracovnopravnych-vztahoch","status":"publish","type":"post","link":"https:\/\/www.cechova.sk\/sk\/covid19-otazky-a-opatrenia-v-pracovnopravnych-vztahoch\/","title":{"rendered":"COVID19 <br> Ot\u00e1zky a opatrenia v pracovnopr\u00e1vnych vz\u0165ahoch"},"content":{"rendered":"<p>V\u00a0s\u00favislosti s roz\u0161\u00edren\u00edm v\u00edrusu COVID-19 vl\u00e1da Slovenskej republiky vyhl\u00e1sila stav mimoriadnej situ\u00e1cie v Slovenskej republike s \u00fa\u010dinnos\u0165ou od 12. marca 2020.<\/p>\n<p>N\u00e1sledne bolo prijat\u00fdch nieko\u013eko ochrann\u00fdch opatren\u00ed, ktor\u00e9 sa denne aktualizuj\u00fa a roz\u0161iruj\u00fa.<\/p>\n<p>T\u00fato mimoriadnu situ\u00e1ciu musia rie\u0161i\u0165 v\u0161etci zamestn\u00e1vatelia na Slovensku. Na tomto\u00a0<a href=\"http:\/\/www.cechova.sk\/wp-content\/uploads\/2020\/03\/CechovaPartners-Legal-Update-COVID19-Labour-Law-SK.pdf\" target=\"_blank\" rel=\"noopener noreferrer\">linku\u00a0<\/a>m\u00f4\u017eete n\u00e1js\u0165 odpovede na nieko\u013eko ot\u00e1zok t\u00fdkaj\u00facich sa tejto t\u00e9my.<\/p>\n","protected":false},"excerpt":{"rendered":"<p>V\u00a0s\u00favislosti s roz\u0161\u00edren\u00edm v\u00edrusu COVID-19 vl\u00e1da Slovenskej republiky vyhl\u00e1sila stav mimoriadnej situ\u00e1cie v Slovenskej republike s \u00fa\u010dinnos\u0165ou od 12. marca&#8230;<\/p>\n","protected":false},"author":2,"featured_media":0,"comment_status":"open","ping_status":"open","sticky":false,"template":"","format":"standard","meta":{"inline_featured_image":false,"episode_type":"","audio_file":"","cover_image":"","cover_image_id":"","duration":"","filesize":"","date_recorded":"","explicit":"","block":"","itunes_episode_number":"","itunes_title":"","itunes_season_number":"","itunes_episode_type":"","filesize_raw":"","footnotes":""},"categories":["1","2","11","12","20","21","32","33"],"class_list":{"0":"post-2694","1":"post","2":"type-post","3":"status-publish","4":"format-standard","5":"hentry","6":"category-dalsie-publikacie","8":"category-financial-law-news","9":"category-european-community-law-news","10":"category-aktuality","11":"category-pravne-novinky"},"yoast_head":"<!-- This site is optimized with the Yoast SEO plugin v26.0 - https:\/\/yoast.com\/wordpress\/plugins\/seo\/ -->\n<title>COVID19  Ot\u00e1zky a opatrenia v pracovnopr\u00e1vnych vz\u0165ahoch - \u010cechov\u00e1 &amp; Partners<\/title>\n<meta name=\"description\" content=\"COVID-19 Ot\u00e1zky a opatrenia v pracovnopr\u00e1vnych vz\u0165ahoch\" \/>\n<meta name=\"robots\" content=\"index, follow, max-snippet:-1, max-image-preview:large, max-video-preview:-1\" \/>\n<link rel=\"canonical\" href=\"https:\/\/www.cechova.sk\/sk\/covid19-otazky-a-opatrenia-v-pracovnopravnych-vztahoch\/\" \/>\n<meta property=\"og:locale\" content=\"sk_SK\" \/>\n<meta property=\"og:type\" content=\"article\" \/>\n<meta property=\"og:title\" content=\"COVID19  Ot\u00e1zky a opatrenia v pracovnopr\u00e1vnych vz\u0165ahoch - \u010cechov\u00e1 &amp; Partners\" \/>\n<meta property=\"og:description\" content=\"COVID-19 Ot\u00e1zky a opatrenia v pracovnopr\u00e1vnych vz\u0165ahoch\" \/>\n<meta property=\"og:url\" content=\"https:\/\/www.cechova.sk\/sk\/covid19-otazky-a-opatrenia-v-pracovnopravnych-vztahoch\/\" \/>\n<meta property=\"og:site_name\" content=\"\u010cechov\u00e1 &amp; Partners\" \/>\n<meta property=\"article:published_time\" content=\"2020-03-22T17:37:07+00:00\" \/>\n<meta property=\"article:modified_time\" content=\"2020-03-24T19:10:31+00:00\" \/>\n<meta name=\"author\" content=\"cechova\" \/>\n<meta name=\"twitter:card\" content=\"summary_large_image\" \/>\n<meta name=\"twitter:label1\" content=\"Autor\" \/>\n\t<meta name=\"twitter:data1\" content=\"cechova\" \/>\n<script type=\"application\/ld+json\" class=\"yoast-schema-graph\">{\"@context\":\"https:\/\/schema.org\",\"@graph\":[{\"@type\":\"WebPage\",\"@id\":\"https:\/\/www.cechova.sk\/sk\/covid19-otazky-a-opatrenia-v-pracovnopravnych-vztahoch\/\",\"url\":\"https:\/\/www.cechova.sk\/sk\/covid19-otazky-a-opatrenia-v-pracovnopravnych-vztahoch\/\",\"name\":\"COVID19 Ot\u00e1zky a opatrenia v pracovnopr\u00e1vnych vz\u0165ahoch - \u010cechov\u00e1 &amp; Partners\",\"isPartOf\":{\"@id\":\"https:\/\/www.cechova.sk\/#website\"},\"datePublished\":\"2020-03-22T17:37:07+00:00\",\"dateModified\":\"2020-03-24T19:10:31+00:00\",\"author\":{\"@id\":\"https:\/\/www.cechova.sk\/#\/schema\/person\/0815c9b657126cba96d63fbe4eabd0a8\"},\"description\":\"COVID-19 Ot\u00e1zky a opatrenia v pracovnopr\u00e1vnych vz\u0165ahoch\",\"breadcrumb\":{\"@id\":\"https:\/\/www.cechova.sk\/sk\/covid19-otazky-a-opatrenia-v-pracovnopravnych-vztahoch\/#breadcrumb\"},\"inLanguage\":\"sk-SK\",\"potentialAction\":[{\"@type\":\"ReadAction\",\"target\":[\"https:\/\/www.cechova.sk\/sk\/covid19-otazky-a-opatrenia-v-pracovnopravnych-vztahoch\/\"]}]},{\"@type\":\"BreadcrumbList\",\"@id\":\"https:\/\/www.cechova.sk\/sk\/covid19-otazky-a-opatrenia-v-pracovnopravnych-vztahoch\/#breadcrumb\",\"itemListElement\":[{\"@type\":\"ListItem\",\"position\":1,\"name\":\"Home\",\"item\":\"https:\/\/www.cechova.sk\/sk\/\"},{\"@type\":\"ListItem\",\"position\":2,\"name\":\"COVID19 Ot\u00e1zky a opatrenia v pracovnopr\u00e1vnych vz\u0165ahoch\"}]},{\"@type\":\"WebSite\",\"@id\":\"https:\/\/www.cechova.sk\/#website\",\"url\":\"https:\/\/www.cechova.sk\/\",\"name\":\"\u010cechov\u00e1 &amp; Partners\",\"description\":\"Len \u010fal\u0161ia WordPress str\u00e1nka\",\"potentialAction\":[{\"@type\":\"SearchAction\",\"target\":{\"@type\":\"EntryPoint\",\"urlTemplate\":\"https:\/\/www.cechova.sk\/?s={search_term_string}\"},\"query-input\":{\"@type\":\"PropertyValueSpecification\",\"valueRequired\":true,\"valueName\":\"search_term_string\"}}],\"inLanguage\":\"sk-SK\"},{\"@type\":\"Person\",\"@id\":\"https:\/\/www.cechova.sk\/#\/schema\/person\/0815c9b657126cba96d63fbe4eabd0a8\",\"name\":\"cechova\",\"image\":{\"@type\":\"ImageObject\",\"inLanguage\":\"sk-SK\",\"@id\":\"https:\/\/www.cechova.sk\/#\/schema\/person\/image\/\",\"url\":\"https:\/\/secure.gravatar.com\/avatar\/1cad393d5bb0ac8c9aaca1e510dfd58f4674fbb2973e6c457f426499b52b67b4?s=96&d=mm&r=g\",\"contentUrl\":\"https:\/\/secure.gravatar.com\/avatar\/1cad393d5bb0ac8c9aaca1e510dfd58f4674fbb2973e6c457f426499b52b67b4?s=96&d=mm&r=g\",\"caption\":\"cechova\"}}]}<\/script>\n<!-- \/ Yoast SEO plugin. -->","yoast_head_json":{"title":"COVID19  Ot\u00e1zky a opatrenia v pracovnopr\u00e1vnych vz\u0165ahoch - \u010cechov\u00e1 &amp; Partners","description":"COVID-19 Ot\u00e1zky a opatrenia v pracovnopr\u00e1vnych vz\u0165ahoch","robots":{"index":"index","follow":"follow","max-snippet":"max-snippet:-1","max-image-preview":"max-image-preview:large","max-video-preview":"max-video-preview:-1"},"canonical":"https:\/\/www.cechova.sk\/sk\/covid19-otazky-a-opatrenia-v-pracovnopravnych-vztahoch\/","og_locale":"sk_SK","og_type":"article","og_title":"COVID19  Ot\u00e1zky a opatrenia v pracovnopr\u00e1vnych vz\u0165ahoch - \u010cechov\u00e1 &amp; Partners","og_description":"COVID-19 Ot\u00e1zky a opatrenia v pracovnopr\u00e1vnych vz\u0165ahoch","og_url":"https:\/\/www.cechova.sk\/sk\/covid19-otazky-a-opatrenia-v-pracovnopravnych-vztahoch\/","og_site_name":"\u010cechov\u00e1 &amp; Partners","article_published_time":"2020-03-22T17:37:07+00:00","article_modified_time":"2020-03-24T19:10:31+00:00","author":"cechova","twitter_card":"summary_large_image","twitter_misc":{"Autor":"cechova"},"schema":{"@context":"https:\/\/schema.org","@graph":[{"@type":"WebPage","@id":"https:\/\/www.cechova.sk\/sk\/covid19-otazky-a-opatrenia-v-pracovnopravnych-vztahoch\/","url":"https:\/\/www.cechova.sk\/sk\/covid19-otazky-a-opatrenia-v-pracovnopravnych-vztahoch\/","name":"COVID19 Ot\u00e1zky a opatrenia v pracovnopr\u00e1vnych vz\u0165ahoch - \u010cechov\u00e1 &amp; Partners","isPartOf":{"@id":"https:\/\/www.cechova.sk\/#website"},"datePublished":"2020-03-22T17:37:07+00:00","dateModified":"2020-03-24T19:10:31+00:00","author":{"@id":"https:\/\/www.cechova.sk\/#\/schema\/person\/0815c9b657126cba96d63fbe4eabd0a8"},"description":"COVID-19 Ot\u00e1zky a opatrenia v pracovnopr\u00e1vnych vz\u0165ahoch","breadcrumb":{"@id":"https:\/\/www.cechova.sk\/sk\/covid19-otazky-a-opatrenia-v-pracovnopravnych-vztahoch\/#breadcrumb"},"inLanguage":"sk-SK","potentialAction":[{"@type":"ReadAction","target":["https:\/\/www.cechova.sk\/sk\/covid19-otazky-a-opatrenia-v-pracovnopravnych-vztahoch\/"]}]},{"@type":"BreadcrumbList","@id":"https:\/\/www.cechova.sk\/sk\/covid19-otazky-a-opatrenia-v-pracovnopravnych-vztahoch\/#breadcrumb","itemListElement":[{"@type":"ListItem","position":1,"name":"Home","item":"https:\/\/www.cechova.sk\/sk\/"},{"@type":"ListItem","position":2,"name":"COVID19 Ot\u00e1zky a opatrenia v pracovnopr\u00e1vnych vz\u0165ahoch"}]},{"@type":"WebSite","@id":"https:\/\/www.cechova.sk\/#website","url":"https:\/\/www.cechova.sk\/","name":"\u010cechov\u00e1 &amp; Partners","description":"Len \u010fal\u0161ia WordPress str\u00e1nka","potentialAction":[{"@type":"SearchAction","target":{"@type":"EntryPoint","urlTemplate":"https:\/\/www.cechova.sk\/?s={search_term_string}"},"query-input":{"@type":"PropertyValueSpecification","valueRequired":true,"valueName":"search_term_string"}}],"inLanguage":"sk-SK"},{"@type":"Person","@id":"https:\/\/www.cechova.sk\/#\/schema\/person\/0815c9b657126cba96d63fbe4eabd0a8","name":"cechova","image":{"@type":"ImageObject","inLanguage":"sk-SK","@id":"https:\/\/www.cechova.sk\/#\/schema\/person\/image\/","url":"https:\/\/secure.gravatar.com\/avatar\/1cad393d5bb0ac8c9aaca1e510dfd58f4674fbb2973e6c457f426499b52b67b4?s=96&d=mm&r=g","contentUrl":"https:\/\/secure.gravatar.com\/avatar\/1cad393d5bb0ac8c9aaca1e510dfd58f4674fbb2973e6c457f426499b52b67b4?s=96&d=mm&r=g","caption":"cechova"}}]}},"_links":{"self":[{"href":"https:\/\/www.cechova.sk\/sk\/wp-json\/wp\/v2\/posts\/2694\/"}],"collection":[{"href":"https:\/\/www.cechova.sk\/sk\/wp-json\/wp\/v2\/posts\/"}],"about":[{"href":"https:\/\/www.cechova.sk\/sk\/wp-json\/wp\/v2\/types\/post\/"}],"author":[{"embeddable":true,"href":"https:\/\/www.cechova.sk\/sk\/wp-json\/wp\/v2\/users\/2\/"}],"replies":[{"embeddable":true,"href":"https:\/\/www.cechova.sk\/sk\/wp-json\/wp\/v2\/comments\/?post=2694"}],"version-history":[{"count":5,"href":"https:\/\/www.cechova.sk\/sk\/wp-json\/wp\/v2\/posts\/2694\/revisions\/"}],"predecessor-version":[{"id":2705,"href":"https:\/\/www.cechova.sk\/sk\/wp-json\/wp\/v2\/posts\/2694\/revisions\/2705\/"}],"wp:attachment":[{"href":"https:\/\/www.cechova.sk\/sk\/wp-json\/wp\/v2\/media\/?parent=2694"}],"wp:term":[{"taxonomy":"category","embeddable":true,"href":"https:\/\/www.cechova.sk\/sk\/wp-json\/wp\/v2\/categories\/?post=2694"}],"curies":[{"name":"wp","href":"https:\/\/api.w.org\/{rel}","templated":true}]}}