{"id":1688,"date":"2019-10-24T13:05:27","date_gmt":"2019-10-24T11:05:27","guid":{"rendered":"http:\/\/www.cechova.sk\/?p=1688"},"modified":"2019-11-02T09:03:54","modified_gmt":"2019-11-02T08:03:54","slug":"chambers-europe-2019-cechova-and-partners-opat-na-prvej-priecke","status":"publish","type":"post","link":"https:\/\/www.cechova.sk\/sk\/chambers-europe-2019-cechova-and-partners-opat-na-prvej-priecke\/","title":{"rendered":"Chambers Europe 2019: \u010cechov\u00e1 and Partners op\u00e4\u0165 na prvej prie\u010dke"},"content":{"rendered":"<p>\u010cechov\u00e1 and Partners op\u00e4tovne v\u00fdrazne uspela v medzin\u00e1rodnom hodnoten\u00ed advok\u00e1tskych kancel\u00e1ri\u00ed Chambers Europe.<\/p>\n<p>V oblasti s\u00fa\u0165a\u017en\u00e9ho pr\u00e1va sa op\u00e4\u0165 umiestnila na 1. prie\u010dke, v oblasti bankovn\u00edctvo a financie zlep\u0161ila svoj ranking o jednu prie\u010dku a minuloro\u010dn\u00e9 popredn\u00e9 hodnotenia si udr\u017eala v oblastiach pracovn\u00e9 pr\u00e1vo, re\u0161trukturaliz\u00e1cia\/insolvencia, pr\u00e1vo obchodn\u00fdch spolo\u010dnost\u00ed\/f\u00fazie a akviz\u00edcie, nehnute\u013enosti a sporov\u00e1 agenda.<\/p>\n<p>Z h\u013eadiska individu\u00e1lnych ocenen\u00ed boli medzi ved\u00facich advok\u00e1tov tento rok zaraden\u00ed a\u017e \u0161tyria na\u0161i partneri:<\/p>\n<p>Katar\u00edna \u010cechov\u00e1 bola zaraden\u00e1 medzi v\u00fdnimo\u010dn\u00fdch pr\u00e1vnikov <strong>(Eminent Practicioner)<\/strong> v oblasti Obchodn\u00e9 pr\u00e1vo\/F\u00fazie a akviz\u00edcie a vysoko hodnoten\u00e1 bola aj v oblasti\u00a0 Re\u0161trukturaliz\u00e1cia\/Insolvencia. Tom\u00e1\u0161 Maretta bol zaraden\u00fd do top kateg\u00f3rie (Band 1) v oblasti S\u00fa\u0165a\u017en\u00e9ho\/Protimonopoln\u00e9ho pr\u00e1va.<\/p>\n<p>V oblasti Pracovn\u00e9 pr\u00e1vo je vysoko hodnoten\u00fd Tom\u00e1\u0161 Ryb\u00e1r, ktor\u00fd odpor\u00fa\u010dan\u00fd aj v oblasti Pr\u00e1va nehnute\u013enost\u00ed. V oblasti Obchodn\u00e9 pr\u00e1vo\/F\u00fazie a akviz\u00edcie je odpor\u00fa\u010dan\u00e1 Lenka \u0160uben\u00edkov\u00e1.<\/p>\n<p>Klienti sa pre Chambers Europe o n\u00e1s vyjadrili nasledovne:<\/p>\n<ul>\n<li>\u201eBoli ve\u013emi promptn\u00ed a dodali kompletn\u00e9 slu\u017eby. Boli ochotn\u00ed pom\u00f4c\u0165 a v\u00fdsledn\u00fd produkt bol ve\u013emi dobr\u00fd.\u201c<\/li>\n<li>\u201eIch silnou str\u00e1nkou je ich vysok\u00e1 anga\u017eovanos\u0165 v pr\u00edpadoch, maj\u00fa ve\u013emi detailn\u00fd, analytick\u00fd pr\u00edstup a pr\u00edpadom sa venuj\u00fa akt\u00edvne a s n\u00e1le\u017eitou pozornos\u0165ou.\u201c<\/li>\n<li>\u201eS\u00fa skuto\u010dne dobr\u00ed vo vysvet\u013eovan\u00ed slovensk\u00e9ho pr\u00e1va zahrani\u010dn\u00fdm klientom. S\u00fa vn\u00edmav\u00ed, orientovan\u00ed na rie\u0161enie probl\u00e9mov a ve\u013emi efekt\u00edvni a z\u00e1rove\u0148 s \u013eahkos\u0165ou zvl\u00e1daj\u00fa rie\u0161enie pr\u00edpadov vo viacer\u00fdch jurisdikci\u00e1ch.\u201c<\/li>\n<\/ul>\n<h3>O Chambers Europe<\/h3>\n<p>Sprievodca Chambers Europe poskytuje od roku 1999 h\u013abkov\u00fa anal\u00fdzu pr\u00e1vnych trhov; na z\u00e1klade v\u00fdskumu, ktor\u00fd zah\u0155\u0148a vstupy od pr\u00e1vnick\u00fdch firiem a klientov z cel\u00e9ho sveta, identifikuje popredn\u00fdch pr\u00e1vnikov a pr\u00e1vnick\u00e9 firmy.<\/p>\n<p><img loading=\"lazy\" decoding=\"async\" class=\"alignnone size-full wp-image-1689\" src=\"http:\/\/www.cechova.sk\/wp-content\/uploads\/2019\/10\/cpa_chambers_2019.jpg\" alt=\"\" width=\"150\" height=\"150\" srcset=\"https:\/\/www.cechova.sk\/wp-content\/uploads\/2019\/10\/cpa_chambers_2019.jpg 150w, https:\/\/www.cechova.sk\/wp-content\/uploads\/2019\/10\/cpa_chambers_2019-75x75.jpg 75w\" sizes=\"auto, (max-width: 150px) 100vw, 150px\" \/><\/p>\n","protected":false},"excerpt":{"rendered":"<p>\u010cechov\u00e1 and Partners op\u00e4tovne v\u00fdrazne uspela v medzin\u00e1rodnom hodnoten\u00ed advok\u00e1tskych kancel\u00e1ri\u00ed Chambers Europe. V oblasti s\u00fa\u0165a\u017en\u00e9ho pr\u00e1va sa op\u00e4\u0165 umiestnila&#8230;<\/p>\n","protected":false},"author":1,"featured_media":0,"comment_status":"open","ping_status":"open","sticky":false,"template":"","format":"standard","meta":{"inline_featured_image":false,"episode_type":"","audio_file":"","cover_image":"","cover_image_id":"","duration":"","filesize":"","date_recorded":"","explicit":"","block":"","itunes_episode_number":"","itunes_title":"","itunes_season_number":"","itunes_episode_type":"","filesize_raw":"","footnotes":""},"categories":["1","2","11","12","20","21","32","33"],"class_list":{"0":"post-1688","1":"post","2":"type-post","3":"status-publish","4":"format-standard","5":"hentry","6":"category-dalsie-publikacie","8":"category-financial-law-news","9":"category-european-community-law-news","10":"category-aktuality","11":"category-pravne-novinky"},"yoast_head":"<!-- This site is optimized with the Yoast SEO plugin v26.0 - https:\/\/yoast.com\/wordpress\/plugins\/seo\/ -->\n<title>Chambers Europe 2019: \u010cechov\u00e1 and Partners op\u00e4\u0165 na prvej prie\u010dke - \u010cechov\u00e1 &amp; Partners<\/title>\n<meta name=\"robots\" content=\"index, follow, max-snippet:-1, max-image-preview:large, max-video-preview:-1\" \/>\n<link rel=\"canonical\" href=\"https:\/\/www.cechova.sk\/sk\/chambers-europe-2019-cechova-and-partners-opat-na-prvej-priecke\/\" \/>\n<meta property=\"og:locale\" content=\"sk_SK\" \/>\n<meta property=\"og:type\" content=\"article\" \/>\n<meta property=\"og:title\" content=\"Chambers Europe 2019: \u010cechov\u00e1 and Partners op\u00e4\u0165 na prvej prie\u010dke - \u010cechov\u00e1 &amp; Partners\" \/>\n<meta property=\"og:description\" content=\"\u010cechov\u00e1 and Partners op\u00e4tovne v\u00fdrazne uspela v medzin\u00e1rodnom hodnoten\u00ed advok\u00e1tskych kancel\u00e1ri\u00ed Chambers Europe. V oblasti s\u00fa\u0165a\u017en\u00e9ho pr\u00e1va sa op\u00e4\u0165 umiestnila...\" \/>\n<meta property=\"og:url\" content=\"https:\/\/www.cechova.sk\/sk\/chambers-europe-2019-cechova-and-partners-opat-na-prvej-priecke\/\" \/>\n<meta property=\"og:site_name\" content=\"\u010cechov\u00e1 &amp; Partners\" \/>\n<meta property=\"article:published_time\" content=\"2019-10-24T11:05:27+00:00\" \/>\n<meta property=\"article:modified_time\" content=\"2019-11-02T08:03:54+00:00\" \/>\n<meta property=\"og:image\" content=\"http:\/\/www.cechova.sk\/wp-content\/uploads\/2019\/10\/cpa_chambers_2019.jpg\" \/>\n<meta name=\"author\" content=\"echt\" \/>\n<meta name=\"twitter:card\" content=\"summary_large_image\" \/>\n<meta name=\"twitter:label1\" content=\"Autor\" \/>\n\t<meta name=\"twitter:data1\" content=\"echt\" \/>\n\t<meta name=\"twitter:label2\" content=\"Predpokladan\u00fd \u010das \u010d\u00edtania\" \/>\n\t<meta name=\"twitter:data2\" content=\"2 min\u00faty\" \/>\n<script type=\"application\/ld+json\" class=\"yoast-schema-graph\">{\"@context\":\"https:\/\/schema.org\",\"@graph\":[{\"@type\":\"WebPage\",\"@id\":\"https:\/\/www.cechova.sk\/sk\/chambers-europe-2019-cechova-and-partners-opat-na-prvej-priecke\/\",\"url\":\"https:\/\/www.cechova.sk\/sk\/chambers-europe-2019-cechova-and-partners-opat-na-prvej-priecke\/\",\"name\":\"Chambers Europe 2019: \u010cechov\u00e1 and Partners op\u00e4\u0165 na prvej prie\u010dke - \u010cechov\u00e1 &amp; Partners\",\"isPartOf\":{\"@id\":\"https:\/\/www.cechova.sk\/#website\"},\"primaryImageOfPage\":{\"@id\":\"https:\/\/www.cechova.sk\/sk\/chambers-europe-2019-cechova-and-partners-opat-na-prvej-priecke\/#primaryimage\"},\"image\":{\"@id\":\"https:\/\/www.cechova.sk\/sk\/chambers-europe-2019-cechova-and-partners-opat-na-prvej-priecke\/#primaryimage\"},\"thumbnailUrl\":\"http:\/\/www.cechova.sk\/wp-content\/uploads\/2019\/10\/cpa_chambers_2019.jpg\",\"datePublished\":\"2019-10-24T11:05:27+00:00\",\"dateModified\":\"2019-11-02T08:03:54+00:00\",\"author\":{\"@id\":\"https:\/\/www.cechova.sk\/#\/schema\/person\/a2bd3749315aef88ea28d72b23539b49\"},\"breadcrumb\":{\"@id\":\"https:\/\/www.cechova.sk\/sk\/chambers-europe-2019-cechova-and-partners-opat-na-prvej-priecke\/#breadcrumb\"},\"inLanguage\":\"sk-SK\",\"potentialAction\":[{\"@type\":\"ReadAction\",\"target\":[\"https:\/\/www.cechova.sk\/sk\/chambers-europe-2019-cechova-and-partners-opat-na-prvej-priecke\/\"]}]},{\"@type\":\"ImageObject\",\"inLanguage\":\"sk-SK\",\"@id\":\"https:\/\/www.cechova.sk\/sk\/chambers-europe-2019-cechova-and-partners-opat-na-prvej-priecke\/#primaryimage\",\"url\":\"http:\/\/www.cechova.sk\/wp-content\/uploads\/2019\/10\/cpa_chambers_2019.jpg\",\"contentUrl\":\"http:\/\/www.cechova.sk\/wp-content\/uploads\/2019\/10\/cpa_chambers_2019.jpg\"},{\"@type\":\"BreadcrumbList\",\"@id\":\"https:\/\/www.cechova.sk\/sk\/chambers-europe-2019-cechova-and-partners-opat-na-prvej-priecke\/#breadcrumb\",\"itemListElement\":[{\"@type\":\"ListItem\",\"position\":1,\"name\":\"Home\",\"item\":\"https:\/\/www.cechova.sk\/sk\/\"},{\"@type\":\"ListItem\",\"position\":2,\"name\":\"Chambers Europe 2019: \u010cechov\u00e1 and Partners op\u00e4\u0165 na prvej prie\u010dke\"}]},{\"@type\":\"WebSite\",\"@id\":\"https:\/\/www.cechova.sk\/#website\",\"url\":\"https:\/\/www.cechova.sk\/\",\"name\":\"\u010cechov\u00e1 &amp; Partners\",\"description\":\"Len \u010fal\u0161ia WordPress str\u00e1nka\",\"potentialAction\":[{\"@type\":\"SearchAction\",\"target\":{\"@type\":\"EntryPoint\",\"urlTemplate\":\"https:\/\/www.cechova.sk\/?s={search_term_string}\"},\"query-input\":{\"@type\":\"PropertyValueSpecification\",\"valueRequired\":true,\"valueName\":\"search_term_string\"}}],\"inLanguage\":\"sk-SK\"},{\"@type\":\"Person\",\"@id\":\"https:\/\/www.cechova.sk\/#\/schema\/person\/a2bd3749315aef88ea28d72b23539b49\",\"name\":\"echt\",\"image\":{\"@type\":\"ImageObject\",\"inLanguage\":\"sk-SK\",\"@id\":\"https:\/\/www.cechova.sk\/#\/schema\/person\/image\/\",\"url\":\"https:\/\/secure.gravatar.com\/avatar\/5de25aa3228de963dacf39d5754355612a112498cfd02a25f503149206bf4846?s=96&d=mm&r=g\",\"contentUrl\":\"https:\/\/secure.gravatar.com\/avatar\/5de25aa3228de963dacf39d5754355612a112498cfd02a25f503149206bf4846?s=96&d=mm&r=g\",\"caption\":\"echt\"}}]}<\/script>\n<!-- \/ Yoast SEO plugin. -->","yoast_head_json":{"title":"Chambers Europe 2019: \u010cechov\u00e1 and Partners op\u00e4\u0165 na prvej prie\u010dke - \u010cechov\u00e1 &amp; Partners","robots":{"index":"index","follow":"follow","max-snippet":"max-snippet:-1","max-image-preview":"max-image-preview:large","max-video-preview":"max-video-preview:-1"},"canonical":"https:\/\/www.cechova.sk\/sk\/chambers-europe-2019-cechova-and-partners-opat-na-prvej-priecke\/","og_locale":"sk_SK","og_type":"article","og_title":"Chambers Europe 2019: \u010cechov\u00e1 and Partners op\u00e4\u0165 na prvej prie\u010dke - \u010cechov\u00e1 &amp; Partners","og_description":"\u010cechov\u00e1 and Partners op\u00e4tovne v\u00fdrazne uspela v medzin\u00e1rodnom hodnoten\u00ed advok\u00e1tskych kancel\u00e1ri\u00ed Chambers Europe. V oblasti s\u00fa\u0165a\u017en\u00e9ho pr\u00e1va sa op\u00e4\u0165 umiestnila...","og_url":"https:\/\/www.cechova.sk\/sk\/chambers-europe-2019-cechova-and-partners-opat-na-prvej-priecke\/","og_site_name":"\u010cechov\u00e1 &amp; Partners","article_published_time":"2019-10-24T11:05:27+00:00","article_modified_time":"2019-11-02T08:03:54+00:00","og_image":[{"url":"http:\/\/www.cechova.sk\/wp-content\/uploads\/2019\/10\/cpa_chambers_2019.jpg","type":"","width":"","height":""}],"author":"echt","twitter_card":"summary_large_image","twitter_misc":{"Autor":"echt","Predpokladan\u00fd \u010das \u010d\u00edtania":"2 min\u00faty"},"schema":{"@context":"https:\/\/schema.org","@graph":[{"@type":"WebPage","@id":"https:\/\/www.cechova.sk\/sk\/chambers-europe-2019-cechova-and-partners-opat-na-prvej-priecke\/","url":"https:\/\/www.cechova.sk\/sk\/chambers-europe-2019-cechova-and-partners-opat-na-prvej-priecke\/","name":"Chambers Europe 2019: \u010cechov\u00e1 and Partners op\u00e4\u0165 na prvej prie\u010dke - \u010cechov\u00e1 &amp; Partners","isPartOf":{"@id":"https:\/\/www.cechova.sk\/#website"},"primaryImageOfPage":{"@id":"https:\/\/www.cechova.sk\/sk\/chambers-europe-2019-cechova-and-partners-opat-na-prvej-priecke\/#primaryimage"},"image":{"@id":"https:\/\/www.cechova.sk\/sk\/chambers-europe-2019-cechova-and-partners-opat-na-prvej-priecke\/#primaryimage"},"thumbnailUrl":"http:\/\/www.cechova.sk\/wp-content\/uploads\/2019\/10\/cpa_chambers_2019.jpg","datePublished":"2019-10-24T11:05:27+00:00","dateModified":"2019-11-02T08:03:54+00:00","author":{"@id":"https:\/\/www.cechova.sk\/#\/schema\/person\/a2bd3749315aef88ea28d72b23539b49"},"breadcrumb":{"@id":"https:\/\/www.cechova.sk\/sk\/chambers-europe-2019-cechova-and-partners-opat-na-prvej-priecke\/#breadcrumb"},"inLanguage":"sk-SK","potentialAction":[{"@type":"ReadAction","target":["https:\/\/www.cechova.sk\/sk\/chambers-europe-2019-cechova-and-partners-opat-na-prvej-priecke\/"]}]},{"@type":"ImageObject","inLanguage":"sk-SK","@id":"https:\/\/www.cechova.sk\/sk\/chambers-europe-2019-cechova-and-partners-opat-na-prvej-priecke\/#primaryimage","url":"http:\/\/www.cechova.sk\/wp-content\/uploads\/2019\/10\/cpa_chambers_2019.jpg","contentUrl":"http:\/\/www.cechova.sk\/wp-content\/uploads\/2019\/10\/cpa_chambers_2019.jpg"},{"@type":"BreadcrumbList","@id":"https:\/\/www.cechova.sk\/sk\/chambers-europe-2019-cechova-and-partners-opat-na-prvej-priecke\/#breadcrumb","itemListElement":[{"@type":"ListItem","position":1,"name":"Home","item":"https:\/\/www.cechova.sk\/sk\/"},{"@type":"ListItem","position":2,"name":"Chambers Europe 2019: \u010cechov\u00e1 and Partners op\u00e4\u0165 na prvej prie\u010dke"}]},{"@type":"WebSite","@id":"https:\/\/www.cechova.sk\/#website","url":"https:\/\/www.cechova.sk\/","name":"\u010cechov\u00e1 &amp; Partners","description":"Len \u010fal\u0161ia WordPress str\u00e1nka","potentialAction":[{"@type":"SearchAction","target":{"@type":"EntryPoint","urlTemplate":"https:\/\/www.cechova.sk\/?s={search_term_string}"},"query-input":{"@type":"PropertyValueSpecification","valueRequired":true,"valueName":"search_term_string"}}],"inLanguage":"sk-SK"},{"@type":"Person","@id":"https:\/\/www.cechova.sk\/#\/schema\/person\/a2bd3749315aef88ea28d72b23539b49","name":"echt","image":{"@type":"ImageObject","inLanguage":"sk-SK","@id":"https:\/\/www.cechova.sk\/#\/schema\/person\/image\/","url":"https:\/\/secure.gravatar.com\/avatar\/5de25aa3228de963dacf39d5754355612a112498cfd02a25f503149206bf4846?s=96&d=mm&r=g","contentUrl":"https:\/\/secure.gravatar.com\/avatar\/5de25aa3228de963dacf39d5754355612a112498cfd02a25f503149206bf4846?s=96&d=mm&r=g","caption":"echt"}}]}},"_links":{"self":[{"href":"https:\/\/www.cechova.sk\/sk\/wp-json\/wp\/v2\/posts\/1688\/"}],"collection":[{"href":"https:\/\/www.cechova.sk\/sk\/wp-json\/wp\/v2\/posts\/"}],"about":[{"href":"https:\/\/www.cechova.sk\/sk\/wp-json\/wp\/v2\/types\/post\/"}],"author":[{"embeddable":true,"href":"https:\/\/www.cechova.sk\/sk\/wp-json\/wp\/v2\/users\/1\/"}],"replies":[{"embeddable":true,"href":"https:\/\/www.cechova.sk\/sk\/wp-json\/wp\/v2\/comments\/?post=1688"}],"version-history":[{"count":3,"href":"https:\/\/www.cechova.sk\/sk\/wp-json\/wp\/v2\/posts\/1688\/revisions\/"}],"predecessor-version":[{"id":2259,"href":"https:\/\/www.cechova.sk\/sk\/wp-json\/wp\/v2\/posts\/1688\/revisions\/2259\/"}],"wp:attachment":[{"href":"https:\/\/www.cechova.sk\/sk\/wp-json\/wp\/v2\/media\/?parent=1688"}],"wp:term":[{"taxonomy":"category","embeddable":true,"href":"https:\/\/www.cechova.sk\/sk\/wp-json\/wp\/v2\/categories\/?post=1688"}],"curies":[{"name":"wp","href":"https:\/\/api.w.org\/{rel}","templated":true}]}}